{"id":7023,"date":"2020-06-17T14:21:14","date_gmt":"2020-06-17T14:21:14","guid":{"rendered":"http:\/\/noticiasrec.com\/?p=7023"},"modified":"2020-06-17T14:21:14","modified_gmt":"2020-06-17T14:21:14","slug":"jose-c-paz-firmo-un-acuerdo-con-el-banco-provincia-para-la-incorporacion-de-20-nuevas-camionetas-a-la-patrulla-urbana-municipal","status":"publish","type":"post","link":"https:\/\/noticiasrec.com\/?p=7023","title":{"rendered":"Jos\u00e9 C. Paz firm\u00f3 un acuerdo con el Banco Provincia, para la incorporaci\u00f3n de 20 nuevas camionetas a la Patrulla Urbana Municipal."},"content":{"rendered":"\n<p>El Intendente de Jos\u00e9 C. Paz,&nbsp;<strong>Mario Ishii<\/strong>, firm\u00f3 un acuerdo con las autoridades del Banco Provincia, para la incorporaci\u00f3n de 20 nuevas camionetas a la Patrulla Urbana Municipal.<\/p>\n\n\n\n<p>Las unidades se adquirieron mediante la firma de un convenio con&nbsp;<strong>Provincia Leasing<\/strong>, de la firma particip\u00f3 el Presidente del Banco Provincia&nbsp;<strong>Lic.<\/strong>&nbsp;<strong>Juan Cuattromo<\/strong>, la Presidenta de la instituci\u00f3n&nbsp;<strong>Valeria Dallera&nbsp;<\/strong>y la Vicepresidenta&nbsp;<strong>Manuela<\/strong><strong>&nbsp;Robba<\/strong>.<\/p>\n\n\n\n<p>El intendente Ishii destac\u00f3 que \u201cProvincia Leasing es para los municipios el mejor medio para equiparnos. Nos permite acceder a veh\u00edculos que de otra forma ser\u00eda inaccesible\u201d.<\/p>\n\n\n\n<p>\u201cAhora incorporamos estos 20 m\u00f3viles para nuestra polic\u00eda y hace muy poco incorporamos 10 ambulancias, la mitad de \u00e9stas equipadas como Unidades de Terapia Intensiva M\u00f3vil. De esta manera Provincia Leasing nos permite cumplir con nuestra obligaci\u00f3n como municipio de velar por la salud y la seguridad de los pace\u00f1os\u201d.<\/p>\n\n\n\n<p>\u00abEn estos tiempos tan dif\u00edciles, Provincia Leasing se perfila como una soluci\u00f3n no s\u00f3lo para los municipios sino tambi\u00e9n para el sector privado\u201d, afirm\u00f3.<\/p>\n\n\n\n<p>La adquisici\u00f3n de estos veh\u00edculos es parte de las acciones emprendidas frente a las preocupaciones del intendente Ishii, de mejorar permanentemente los servicios p\u00fablicos municipales, reforzando, actualizando e incorporando infraestructura, tecnolog\u00eda y seguridad.<\/p>\n","protected":false},"excerpt":{"rendered":"<p>El Intendente de Jos\u00e9 C. Paz,&nbsp;Mario Ishii, firm\u00f3 un acuerdo con las autoridades del Banco..<\/p>\n","protected":false},"author":2,"featured_media":7024,"comment_status":"open","ping_status":"open","sticky":false,"template":"","format":"standard","meta":{"footnotes":""},"categories":[10,3,18,2],"tags":[832,830,60,833,831,781],"class_list":["post-7023","post","type-post","status-publish","format-standard","has-post-thumbnail","hentry","category-jose-c-paz","category-municipios","category-policiales","category-provincia","tag-20-nuevas-camionetas","tag-banco-provincia","tag-jose-c-paz","tag-lic-juan-cuattromo","tag-patrulla-urbana-municipal","tag-provincia-leasing"],"_links":{"self":[{"href":"https:\/\/noticiasrec.com\/index.php?rest_route=\/wp\/v2\/posts\/7023","targetHints":{"allow":["GET"]}}],"collection":[{"href":"https:\/\/noticiasrec.com\/index.php?rest_route=\/wp\/v2\/posts"}],"about":[{"href":"https:\/\/noticiasrec.com\/index.php?rest_route=\/wp\/v2\/types\/post"}],"author":[{"embeddable":true,"href":"https:\/\/noticiasrec.com\/index.php?rest_route=\/wp\/v2\/users\/2"}],"replies":[{"embeddable":true,"href":"https:\/\/noticiasrec.com\/index.php?rest_route=%2Fwp%2Fv2%2Fcomments&post=7023"}],"version-history":[{"count":1,"href":"https:\/\/noticiasrec.com\/index.php?rest_route=\/wp\/v2\/posts\/7023\/revisions"}],"predecessor-version":[{"id":7025,"href":"https:\/\/noticiasrec.com\/index.php?rest_route=\/wp\/v2\/posts\/7023\/revisions\/7025"}],"wp:featuredmedia":[{"embeddable":true,"href":"https:\/\/noticiasrec.com\/index.php?rest_route=\/wp\/v2\/media\/7024"}],"wp:attachment":[{"href":"https:\/\/noticiasrec.com\/index.php?rest_route=%2Fwp%2Fv2%2Fmedia&parent=7023"}],"wp:term":[{"taxonomy":"category","embeddable":true,"href":"https:\/\/noticiasrec.com\/index.php?rest_route=%2Fwp%2Fv2%2Fcategories&post=7023"},{"taxonomy":"post_tag","embeddable":true,"href":"https:\/\/noticiasrec.com\/index.php?rest_route=%2Fwp%2Fv2%2Ftags&post=7023"}],"curies":[{"name":"wp","href":"https:\/\/api.w.org\/{rel}","templated":true}]}}