{"id":7016,"date":"2020-06-12T15:35:51","date_gmt":"2020-06-12T15:35:51","guid":{"rendered":"http:\/\/noticiasrec.com\/?p=7016"},"modified":"2020-06-12T15:35:51","modified_gmt":"2020-06-12T15:35:51","slug":"se-registraron-757-nuevos-casos-de-covid-19-en-la-provincia-de-buenos-aires","status":"publish","type":"post","link":"https:\/\/noticiasrec.com\/?p=7016","title":{"rendered":"Se registraron 757 nuevos casos de Covid-19 en la provincia de Buenos Aires"},"content":{"rendered":"\n<p>\n\nLos casos de coronavirus en la provincia de Buenos Aires suman 10.968 hasta el momento, tras confirmarse esta ma\u00f1ana 757 nuevos contagios reportados en las \u00faltimas 24 horas.<\/p>\n\n\n\n<p>El Ministerio de Salud provincial, a cargo de Daniel Gollan, se\u00f1al\u00f3 que, del total de enfermos de Covid-19, 136 se encuentran en terapia intensiva y 2.300 personas ya se encuentran recuperadas.<\/p>\n\n\n\n<p>Adem\u00e1s, precis\u00f3 que en el territorio bonaerense fallecieron 332 personas desde la llega de la pandemia al pa\u00eds, en marzo pasado.<\/p>\n\n\n\n<p><strong>El 45,8% de los casos positivos son contagios comunitarios, 19,3% fueron por contacto estrecho con casos confirmados, del 21,4% est\u00e1 en investigaci\u00f3n la causa, el 11,1% son trabajadores de salud y el 2,4% son casos importados, de acuerdo con el informe oficial.<\/strong><\/p>\n\n\n\n<p>Fuente\/\/Telam<\/p>\n","protected":false},"excerpt":{"rendered":"<p>Los casos de coronavirus en la provincia de Buenos Aires suman 10.968 hasta el momento,..<\/p>\n","protected":false},"author":2,"featured_media":7017,"comment_status":"open","ping_status":"open","sticky":false,"template":"","format":"standard","meta":{"footnotes":""},"categories":[2,19,5],"tags":[707,742,745,164,825],"class_list":["post-7016","post","type-post","status-publish","format-standard","has-post-thumbnail","hentry","category-provincia","category-salud","category-sociedad","tag-coronavirus","tag-covid-19","tag-nuevos-casos","tag-provincia-de-buenos-aires","tag-ultimas-24-horas"],"_links":{"self":[{"href":"https:\/\/noticiasrec.com\/index.php?rest_route=\/wp\/v2\/posts\/7016","targetHints":{"allow":["GET"]}}],"collection":[{"href":"https:\/\/noticiasrec.com\/index.php?rest_route=\/wp\/v2\/posts"}],"about":[{"href":"https:\/\/noticiasrec.com\/index.php?rest_route=\/wp\/v2\/types\/post"}],"author":[{"embeddable":true,"href":"https:\/\/noticiasrec.com\/index.php?rest_route=\/wp\/v2\/users\/2"}],"replies":[{"embeddable":true,"href":"https:\/\/noticiasrec.com\/index.php?rest_route=%2Fwp%2Fv2%2Fcomments&post=7016"}],"version-history":[{"count":1,"href":"https:\/\/noticiasrec.com\/index.php?rest_route=\/wp\/v2\/posts\/7016\/revisions"}],"predecessor-version":[{"id":7018,"href":"https:\/\/noticiasrec.com\/index.php?rest_route=\/wp\/v2\/posts\/7016\/revisions\/7018"}],"wp:featuredmedia":[{"embeddable":true,"href":"https:\/\/noticiasrec.com\/index.php?rest_route=\/wp\/v2\/media\/7017"}],"wp:attachment":[{"href":"https:\/\/noticiasrec.com\/index.php?rest_route=%2Fwp%2Fv2%2Fmedia&parent=7016"}],"wp:term":[{"taxonomy":"category","embeddable":true,"href":"https:\/\/noticiasrec.com\/index.php?rest_route=%2Fwp%2Fv2%2Fcategories&post=7016"},{"taxonomy":"post_tag","embeddable":true,"href":"https:\/\/noticiasrec.com\/index.php?rest_route=%2Fwp%2Fv2%2Ftags&post=7016"}],"curies":[{"name":"wp","href":"https:\/\/api.w.org\/{rel}","templated":true}]}}