{"id":7013,"date":"2020-06-12T15:20:40","date_gmt":"2020-06-12T15:20:40","guid":{"rendered":"http:\/\/noticiasrec.com\/?p=7013"},"modified":"2020-06-12T15:20:40","modified_gmt":"2020-06-12T15:20:40","slug":"covid-19-en-jumbo-pilar-confirman-un-nuevo-positivo-entre-los-empleados","status":"publish","type":"post","link":"https:\/\/noticiasrec.com\/?p=7013","title":{"rendered":"COVID-19 en Jumbo Pilar: confirman un nuevo positivo entre los empleados"},"content":{"rendered":"\n<p>El total de trabajadores de la tienda del hipermercado Jumbo de Pilar afectados pro COVID-19 ascendi\u00f3 a siete, luego de que se confirmara este jueves un nuevo positivo.<\/p>\n\n\n\n<p>El lunes pasado\u00a0<a href=\"https:\/\/www.pilardetodos.com.ar\/secciones\/noticias\/salud\/cierran-el-hipermercado-jumbo-tras-detectar-un-caso-covid-19\">se hab\u00eda detectado un primer paciente<\/a>,\u00a0un empleado del turno vespertino del \u00e1rea de cajas, momento en el que se aisl\u00f3 a 5 compa\u00f1eros que mantuvieron contacto estrecho con \u00e9l.<\/p>\n\n\n\n<p> Hasta hoy eran 6 los casos, y este jueves se sum\u00f3 uno m\u00e1s, una compa\u00f1era de la l\u00ednea de cajas, de alrededor de 20 a\u00f1os, domiciliada en Pilar, que presenta un buen estado de salud\u201d, cont\u00f3 a\u00a0<strong>Pilar de Todos<\/strong>\u00a0Jes\u00fas Gim\u00e9nez, trabajador de Jumbo y delegado del sindicato de Comercio. <\/p>\n\n\n\n<p>El problema, seg\u00fan indic\u00f3 Gim\u00e9nez e incluso sospecha la Comuna de Pilar, no solo se da en torno a los positivos, sino a que la firma no habr\u00eda cumplimentado con los protocolos establecidos para frenar la propagaci\u00f3n del virus, al no aislar al trabajador a tiempo, cuando este inform\u00f3 que ten\u00eda un familiar que estaba siendo sometido a estudios por ser un caso sospechoso.<\/p>\n\n\n\n<p>\u201cNos enteramos que el aislamiento se lo dieron reci\u00e9n cuando el familiar, que era caso sospechoso, fue confirmado como positivo. \u00c9l ya hab\u00eda dicho que ten\u00eda un allegado, con el que comparte predio e incluso almuerzan juntos, que era caso sospechoso, y le dijeron que ten\u00eda que trabajar igual. El protocolo es claro y dice que debe ser aislado un caso positivo, sus contactos, quien tenga s\u00edntomas, pero tambi\u00e9n contactos de casos probables, eso no se cumpli\u00f3\u201d, dispar\u00f3 Gim\u00e9nez.<\/p>\n\n\n\n<p><br>En ese sentido, ayer mi\u00e9rcoles la Comuna inform\u00f3 que se analizar multar a Jumbo, justamente por no seguir los protocolos establecidos.<br><br><\/p>\n\n\n\n<p>\u00abEl hipermercado no dio aviso a las autoridades municipales del caso positivo detectado en uno de sus empleados a pesar de que la normativa establece la obligatoriedad de hacerlo de forma inmediata para que las autoridades sanitarias puedan ejecutar los debidos protocolos con el objetivo de salvaguardar la salud de la poblaci\u00f3n y evitar mayores contagios\u00bb, indicaron desde el municipio por medio de un comunicado.<\/p>\n\n\n\n<p>Fuente\/\/Diario Pilar de Todos <\/p>\n","protected":false},"excerpt":{"rendered":"<p>El total de trabajadores de la tienda del hipermercado Jumbo de Pilar afectados pro COVID-19..<\/p>\n","protected":false},"author":2,"featured_media":7014,"comment_status":"open","ping_status":"open","sticky":false,"template":"","format":"standard","meta":{"footnotes":""},"categories":[3,11,19],"tags":[742,823,824,821,822,26],"class_list":["post-7013","post","type-post","status-publish","format-standard","has-post-thumbnail","hentry","category-municipios","category-pilar","category-salud","tag-covid-19","tag-empleados","tag-hipermercado","tag-jumbo-pilar","tag-nuevo-positivo","tag-pilar"],"_links":{"self":[{"href":"https:\/\/noticiasrec.com\/index.php?rest_route=\/wp\/v2\/posts\/7013","targetHints":{"allow":["GET"]}}],"collection":[{"href":"https:\/\/noticiasrec.com\/index.php?rest_route=\/wp\/v2\/posts"}],"about":[{"href":"https:\/\/noticiasrec.com\/index.php?rest_route=\/wp\/v2\/types\/post"}],"author":[{"embeddable":true,"href":"https:\/\/noticiasrec.com\/index.php?rest_route=\/wp\/v2\/users\/2"}],"replies":[{"embeddable":true,"href":"https:\/\/noticiasrec.com\/index.php?rest_route=%2Fwp%2Fv2%2Fcomments&post=7013"}],"version-history":[{"count":1,"href":"https:\/\/noticiasrec.com\/index.php?rest_route=\/wp\/v2\/posts\/7013\/revisions"}],"predecessor-version":[{"id":7015,"href":"https:\/\/noticiasrec.com\/index.php?rest_route=\/wp\/v2\/posts\/7013\/revisions\/7015"}],"wp:featuredmedia":[{"embeddable":true,"href":"https:\/\/noticiasrec.com\/index.php?rest_route=\/wp\/v2\/media\/7014"}],"wp:attachment":[{"href":"https:\/\/noticiasrec.com\/index.php?rest_route=%2Fwp%2Fv2%2Fmedia&parent=7013"}],"wp:term":[{"taxonomy":"category","embeddable":true,"href":"https:\/\/noticiasrec.com\/index.php?rest_route=%2Fwp%2Fv2%2Fcategories&post=7013"},{"taxonomy":"post_tag","embeddable":true,"href":"https:\/\/noticiasrec.com\/index.php?rest_route=%2Fwp%2Fv2%2Ftags&post=7013"}],"curies":[{"name":"wp","href":"https:\/\/api.w.org\/{rel}","templated":true}]}}