{"id":7004,"date":"2020-06-10T22:37:06","date_gmt":"2020-06-10T22:37:06","guid":{"rendered":"http:\/\/noticiasrec.com\/?p=7004"},"modified":"2020-06-10T22:37:06","modified_gmt":"2020-06-10T22:37:06","slug":"covid-19-pilar-registro-un-nuevo-fallecido-y-el-total-de-contagios-ya-es-de-200","status":"publish","type":"post","link":"https:\/\/noticiasrec.com\/?p=7004","title":{"rendered":"COVID-19: Pilar registr\u00f3 un nuevo fallecido y el total de contagios ya es de 200"},"content":{"rendered":"\n<p>Ayer martes 9 la Provincia de Buenos Aires inform\u00f3 que en Pilar se registr\u00f3 una nueva muerte por COVID-19, por lo que el total de decesos subi\u00f3 a siete, siempre seg\u00fan la cartera sanitaria bonaerense. El total de afectados en el distrito por el coronavirus, en tanto, ascendi\u00f3 a los 200 pacientes.<\/p>\n\n\n\n<p><br>En las \u00faltimas horas se informaron 10 contagios m\u00e1s en relaci\u00f3n a los 190 comunicados el lunes por la noche (seg\u00fan las actualizaciones del martes por la tarde y el mi\u00e9rcoles 10 por la ma\u00f1ana), seg\u00fan difundi\u00f3\u00a0<a href=\"https:\/\/qlik3.ms.gba.gov.ar\/sense\/app\/0a29a121-edef-4cd9-9ffd-fb5e298b5afd\/sheet\/c812ce2b-d071-4e1c-a7a2-3a63cf710b68\/state\/analysis\">el Ministerio de Salud de la Provincia de Buenos Aires.<\/a><\/p>\n\n\n\n<p>Luego de que la semana pasada mostrara dos fuertes picos de contagios (el 2 de junio con 23 nuevos casos y el 5 de junio con 19 positivos), los d\u00edas subsiguientes mostraron una desaceleraci\u00f3n que se mantuvo constante, al acumular en los \u00faltimos 4 d\u00edas 11 positivos, es decir menos de 3, en promedio, por jornada.<\/p>\n\n\n\n<p>La suba de casos que se puedan dar en los pr\u00f3ximos d\u00edas, no obstante, est\u00e1 dentro de los c\u00e1lculos del gobierno. \u00abSe vienen 3 semanas complejas, no deber\u00eda llamar la atenci\u00f3n que haya saltos, por el contrario. Lo que estamos haciendo es minimizar el impacto, intervenir r\u00e1pido, encapsular positivos y contactos estrechos, y evitar posibles focos\u00bb, se\u00f1alaron fuentes del gobierno a Pilar de Todos.<\/p>\n\n\n\n<p>Fuente\/\/Diario Pilar de Todos <\/p>\n\n\n\n<p><a href=\"https:\/\/qlik3.ms.gba.gov.ar\/sense\/app\/0a29a121-edef-4cd9-9ffd-fb5e298b5afd\/sheet\/c812ce2b-d071-4e1c-a7a2-3a63cf710b68\/state\/analysis\"><br><\/a><ins><br> <\/ins><\/p>\n","protected":false},"excerpt":{"rendered":"<p>Ayer martes 9 la Provincia de Buenos Aires inform\u00f3 que en Pilar se registr\u00f3 una..<\/p>\n","protected":false},"author":2,"featured_media":7005,"comment_status":"open","ping_status":"open","sticky":false,"template":"","format":"standard","meta":{"footnotes":""},"categories":[3,11,19],"tags":[748,742,814,26],"class_list":["post-7004","post","type-post","status-publish","format-standard","has-post-thumbnail","hentry","category-municipios","category-pilar","category-salud","tag-contagios","tag-covid-19","tag-nuevo-fallecido","tag-pilar"],"_links":{"self":[{"href":"https:\/\/noticiasrec.com\/index.php?rest_route=\/wp\/v2\/posts\/7004","targetHints":{"allow":["GET"]}}],"collection":[{"href":"https:\/\/noticiasrec.com\/index.php?rest_route=\/wp\/v2\/posts"}],"about":[{"href":"https:\/\/noticiasrec.com\/index.php?rest_route=\/wp\/v2\/types\/post"}],"author":[{"embeddable":true,"href":"https:\/\/noticiasrec.com\/index.php?rest_route=\/wp\/v2\/users\/2"}],"replies":[{"embeddable":true,"href":"https:\/\/noticiasrec.com\/index.php?rest_route=%2Fwp%2Fv2%2Fcomments&post=7004"}],"version-history":[{"count":1,"href":"https:\/\/noticiasrec.com\/index.php?rest_route=\/wp\/v2\/posts\/7004\/revisions"}],"predecessor-version":[{"id":7006,"href":"https:\/\/noticiasrec.com\/index.php?rest_route=\/wp\/v2\/posts\/7004\/revisions\/7006"}],"wp:featuredmedia":[{"embeddable":true,"href":"https:\/\/noticiasrec.com\/index.php?rest_route=\/wp\/v2\/media\/7005"}],"wp:attachment":[{"href":"https:\/\/noticiasrec.com\/index.php?rest_route=%2Fwp%2Fv2%2Fmedia&parent=7004"}],"wp:term":[{"taxonomy":"category","embeddable":true,"href":"https:\/\/noticiasrec.com\/index.php?rest_route=%2Fwp%2Fv2%2Fcategories&post=7004"},{"taxonomy":"post_tag","embeddable":true,"href":"https:\/\/noticiasrec.com\/index.php?rest_route=%2Fwp%2Fv2%2Ftags&post=7004"}],"curies":[{"name":"wp","href":"https:\/\/api.w.org\/{rel}","templated":true}]}}