{"id":7001,"date":"2020-06-10T22:17:54","date_gmt":"2020-06-10T22:17:54","guid":{"rendered":"http:\/\/noticiasrec.com\/?p=7001"},"modified":"2020-06-10T22:17:54","modified_gmt":"2020-06-10T22:17:54","slug":"san-miguel-abrio-un-nuevo-centro-de-salud-en-santa-brigida","status":"publish","type":"post","link":"https:\/\/noticiasrec.com\/?p=7001","title":{"rendered":"San Miguel abri\u00f3 un nuevo centro de salud en Santa Br\u00edgida"},"content":{"rendered":"\n<p>\n\nLa Municipalidad de San Miguel abri\u00f3 ayer el nuevo Centro de Salud \u201c29 de septiembre\u201d, ubicado en la esquina de Cruz del Sur y Arricau, en Santa Br\u00edgida.<br>Cuenta con cuatro consultorios; una amplia enfermer\u00eda; sala de espera y administraci\u00f3n; un sal\u00f3n de usos m\u00faltiples; un ba\u00f1o para personas con discapacidad y cuerpo de ba\u00f1os, entre otras instalaciones.<br>En cuanto a las especialidades, se brinda atenci\u00f3n en cl\u00ednica m\u00e9dica, pediatr\u00eda, ginecolog\u00eda, odontolog\u00eda y psicolog\u00eda. Y tambi\u00e9n se dictan talleres para diab\u00e9ticos y de costura.<br>Se trata de una obra realizada con la Red AMBA, de la provincia de Buenos Aires, en el marco de un trabajo conjunto durante los \u00faltimos tres a\u00f1os que incluy\u00f3 la renovaci\u00f3n de 14 centros y la construcci\u00f3n de dos nuevos: \u00e9ste y el de Rosa M\u00edstica, que comenzar\u00e1 a funcionar pr\u00f3ximamente.\n\n<\/p>\n","protected":false},"excerpt":{"rendered":"<p>La Municipalidad de San Miguel abri\u00f3 ayer el nuevo Centro de Salud \u201c29 de septiembre\u201d,..<\/p>\n","protected":false},"author":2,"featured_media":7002,"comment_status":"open","ping_status":"open","sticky":false,"template":"","format":"standard","meta":{"footnotes":""},"categories":[3,19,8],"tags":[811,637,813,57,812],"class_list":["post-7001","post","type-post","status-publish","format-standard","has-post-thumbnail","hentry","category-municipios","category-salud","category-san-miguel","tag-centro-de-salud","tag-nuevo","tag-red-amba","tag-san-miguel","tag-santa-brigida"],"_links":{"self":[{"href":"https:\/\/noticiasrec.com\/index.php?rest_route=\/wp\/v2\/posts\/7001","targetHints":{"allow":["GET"]}}],"collection":[{"href":"https:\/\/noticiasrec.com\/index.php?rest_route=\/wp\/v2\/posts"}],"about":[{"href":"https:\/\/noticiasrec.com\/index.php?rest_route=\/wp\/v2\/types\/post"}],"author":[{"embeddable":true,"href":"https:\/\/noticiasrec.com\/index.php?rest_route=\/wp\/v2\/users\/2"}],"replies":[{"embeddable":true,"href":"https:\/\/noticiasrec.com\/index.php?rest_route=%2Fwp%2Fv2%2Fcomments&post=7001"}],"version-history":[{"count":1,"href":"https:\/\/noticiasrec.com\/index.php?rest_route=\/wp\/v2\/posts\/7001\/revisions"}],"predecessor-version":[{"id":7003,"href":"https:\/\/noticiasrec.com\/index.php?rest_route=\/wp\/v2\/posts\/7001\/revisions\/7003"}],"wp:featuredmedia":[{"embeddable":true,"href":"https:\/\/noticiasrec.com\/index.php?rest_route=\/wp\/v2\/media\/7002"}],"wp:attachment":[{"href":"https:\/\/noticiasrec.com\/index.php?rest_route=%2Fwp%2Fv2%2Fmedia&parent=7001"}],"wp:term":[{"taxonomy":"category","embeddable":true,"href":"https:\/\/noticiasrec.com\/index.php?rest_route=%2Fwp%2Fv2%2Fcategories&post=7001"},{"taxonomy":"post_tag","embeddable":true,"href":"https:\/\/noticiasrec.com\/index.php?rest_route=%2Fwp%2Fv2%2Ftags&post=7001"}],"curies":[{"name":"wp","href":"https:\/\/api.w.org\/{rel}","templated":true}]}}