{"id":6995,"date":"2020-06-09T20:59:54","date_gmt":"2020-06-09T20:59:54","guid":{"rendered":"http:\/\/noticiasrec.com\/?p=6995"},"modified":"2020-06-09T20:59:54","modified_gmt":"2020-06-09T20:59:54","slug":"nardini-firmo-convenio-con-la-ministra-estela-diaz-para-ayudar-a-las-mujeres-que-sufren-violencia-de-genero","status":"publish","type":"post","link":"https:\/\/noticiasrec.com\/?p=6995","title":{"rendered":"Nardini firm\u00f3 convenio con la ministra Estela D\u00edaz para ayudar a las mujeres que sufren violencia de g\u00e9nero"},"content":{"rendered":"\n<p>El intendente de Malvinas Argentinas, Leo Nardini, firm\u00f3 un convenio con la ministra de las Mujeres, Pol\u00edticas de G\u00e9nero y Diversidad Sexual de la Provincia de Buenos Aires, Estela D\u00edaz, para implementar el Fondo Especial de Emergencia en Violencias por Razones de G\u00e9nero. El mismo fortalece la intervenci\u00f3n del Municipio en casos urgentes de violencia.<\/p>\n\n\n\n<p>El jefe comunal afirm\u00f3: \u00abEste Ministerio es nuevo y se llev\u00f3 adelante por decisi\u00f3n del gobernador de la Provincia de Buenos Aires, Axel Kicillof, para impulsar pol\u00edticas relacionadas al rol de la mujer y su empoderamiento. Nosotros, en el 2015, creamos la Subsecretar\u00eda de la Mujer, Ni\u00f1ez y Adolescencia que no exist\u00eda en nuestro distrito. Esperamos m\u00e1s de cuatro a\u00f1os para hacer esto realidad y empezar a trabajar en conjunto con Provincia, para valorar el rol de la mujer, que lleven adelante una vida plena y que cambie el paradigma de una sociedad que todav\u00eda es machista\u00bb.<\/p>\n\n\n\n<p>Por su parte,&nbsp;Estela D\u00edaz, coment\u00f3: \u00abEste paso es muy importante, por eso estuvimos con el equipo de la Subsecretar\u00eda de la Mujer de Malvinas Argentinas y con el intendente, conversando acerca de los desaf\u00edos que tenemos hoy frente a la situaci\u00f3n de pandemia. Las medidas de prevenci\u00f3n, asistencia y acompa\u00f1amiento, la parte social, las situaciones de violencia de g\u00e9nero que han recrudecido. Debemos pensar en c\u00f3mo generar emprendimientos productivos, por ejemplo. Para salir de situaciones de vulnerabilidad de derechos necesitamos construir inclusi\u00f3n. Por eso implementamos este fondo para las emergencias en violencia y firmamos este convenio tan importante que hoy llega al Municipio\u00bb.&nbsp;<\/p>\n\n\n\n<p>Adem\u00e1s, Elizabeth Farese, subsecretaria de la Mujer, Ni\u00f1ez y Adolescencia del distrito, dijo: \u00abLa firma de este convenio significa un aporte m\u00e1s para nuestras vecinas de Malvinas Argentinas, para ayudarlas en casos de violencia de g\u00e9nero. Seguimos con esta historia que comenzamos a escribir en el a\u00f1o 2015, y pese a la pandemia, seguimos trabajando por las mujeres\u00bb.<\/p>\n\n\n\n<p>En Malvinas Argentinas se trabaja fuertemente por y para las mujeres, desde que Leo Nardini asumi\u00f3 como intendente en el 2015. Cre\u00f3 la Subsecretar\u00eda de la Mujer, Ni\u00f1ez y Adolescencia, inexistente hasta ese momento, y acompa\u00f1\u00f3 esa decisi\u00f3n con el cierre de los prost\u00edbulos, tal como lo hab\u00eda prometido durante su campa\u00f1a electoral. En marzo de 2019 abri\u00f3 sus puertas el Centro Integral para la Mujer, un refugio para quienes sufren violencia de g\u00e9nero. All\u00ed permanecen con sus hijos el tiempo necesario hasta estabilizarse social, emocional y econ\u00f3micamente.<\/p>\n\n\n\n<p><\/p>\n","protected":false},"excerpt":{"rendered":"<p>El intendente de Malvinas Argentinas, Leo Nardini, firm\u00f3 un convenio con la ministra de las..<\/p>\n","protected":false},"author":2,"featured_media":6996,"comment_status":"open","ping_status":"open","sticky":false,"template":"","format":"standard","meta":{"footnotes":""},"categories":[9,3,5],"tags":[808,17,806,52,807],"class_list":["post-6995","post","type-post","status-publish","format-standard","has-post-thumbnail","hentry","category-malvinas-argentinas","category-municipios","category-sociedad","tag-firmo-convenio","tag-malvinas-argentinas","tag-ministra-estela-diaz","tag-nardini","tag-violencia-de-genero"],"_links":{"self":[{"href":"https:\/\/noticiasrec.com\/index.php?rest_route=\/wp\/v2\/posts\/6995","targetHints":{"allow":["GET"]}}],"collection":[{"href":"https:\/\/noticiasrec.com\/index.php?rest_route=\/wp\/v2\/posts"}],"about":[{"href":"https:\/\/noticiasrec.com\/index.php?rest_route=\/wp\/v2\/types\/post"}],"author":[{"embeddable":true,"href":"https:\/\/noticiasrec.com\/index.php?rest_route=\/wp\/v2\/users\/2"}],"replies":[{"embeddable":true,"href":"https:\/\/noticiasrec.com\/index.php?rest_route=%2Fwp%2Fv2%2Fcomments&post=6995"}],"version-history":[{"count":1,"href":"https:\/\/noticiasrec.com\/index.php?rest_route=\/wp\/v2\/posts\/6995\/revisions"}],"predecessor-version":[{"id":6997,"href":"https:\/\/noticiasrec.com\/index.php?rest_route=\/wp\/v2\/posts\/6995\/revisions\/6997"}],"wp:featuredmedia":[{"embeddable":true,"href":"https:\/\/noticiasrec.com\/index.php?rest_route=\/wp\/v2\/media\/6996"}],"wp:attachment":[{"href":"https:\/\/noticiasrec.com\/index.php?rest_route=%2Fwp%2Fv2%2Fmedia&parent=6995"}],"wp:term":[{"taxonomy":"category","embeddable":true,"href":"https:\/\/noticiasrec.com\/index.php?rest_route=%2Fwp%2Fv2%2Fcategories&post=6995"},{"taxonomy":"post_tag","embeddable":true,"href":"https:\/\/noticiasrec.com\/index.php?rest_route=%2Fwp%2Fv2%2Ftags&post=6995"}],"curies":[{"name":"wp","href":"https:\/\/api.w.org\/{rel}","templated":true}]}}