{"id":6985,"date":"2020-06-03T22:11:10","date_gmt":"2020-06-03T22:11:10","guid":{"rendered":"http:\/\/noticiasrec.com\/?p=6985"},"modified":"2020-06-03T22:11:10","modified_gmt":"2020-06-03T22:11:10","slug":"nueva-jornada-de-la-campana-de-vacunacion-en-las-escuelas-con-la-presencia-de-mario-ishii","status":"publish","type":"post","link":"https:\/\/noticiasrec.com\/?p=6985","title":{"rendered":"Nueva jornada de la campa\u00f1a de Vacunaci\u00f3n en las Escuelas con la presencia de Mario Ishii"},"content":{"rendered":"\n<p> Con la presencia del Intendente Mario Ishii, se realiz\u00f3 una nueva jornada de la campa\u00f1a de Vacunaci\u00f3n en las Escuelas del distrito de Jos\u00e9 C. Paz.<\/p>\n\n\n\n<p>Se realiz\u00f3 en el Centro de Estudios Municipal (UnPAZ), donde seguir\u00e1 la campa\u00f1a durante el resto de la semana, enfocada en adultos mayores de 65 a\u00f1os y menores de 3, junto con embarazadas en cualquier trimestre y ni\u00f1os hasta 11 a\u00f1os para completar el calendario nacional de vacunaci\u00f3n.<\/p>\n\n\n\n<p>El Jefe Comunal destac\u00f3 la importancia de la labor que lleva adelante el \u00e1rea de Epidemiolog\u00eda de la Secretar\u00eda de Salud e inst\u00f3 a los vecinos a seguir cuid\u00e1ndose en casa, con las medidas de higiene y distanciamiento social recomendadas por el Gobierno Nacional.<\/p>\n","protected":false},"excerpt":{"rendered":"<p>Con la presencia del Intendente Mario Ishii, se realiz\u00f3 una nueva jornada de la campa\u00f1a..<\/p>\n","protected":false},"author":2,"featured_media":6986,"comment_status":"open","ping_status":"open","sticky":false,"template":"","format":"standard","meta":{"footnotes":""},"categories":[10,3,19],"tags":[796,60,62,797,798],"class_list":["post-6985","post","type-post","status-publish","format-standard","has-post-thumbnail","hentry","category-jose-c-paz","category-municipios","category-salud","tag-campana-de-vacunacion","tag-jose-c-paz","tag-mario-ishii","tag-mayores-de-65","tag-menores-de-3"],"_links":{"self":[{"href":"https:\/\/noticiasrec.com\/index.php?rest_route=\/wp\/v2\/posts\/6985","targetHints":{"allow":["GET"]}}],"collection":[{"href":"https:\/\/noticiasrec.com\/index.php?rest_route=\/wp\/v2\/posts"}],"about":[{"href":"https:\/\/noticiasrec.com\/index.php?rest_route=\/wp\/v2\/types\/post"}],"author":[{"embeddable":true,"href":"https:\/\/noticiasrec.com\/index.php?rest_route=\/wp\/v2\/users\/2"}],"replies":[{"embeddable":true,"href":"https:\/\/noticiasrec.com\/index.php?rest_route=%2Fwp%2Fv2%2Fcomments&post=6985"}],"version-history":[{"count":1,"href":"https:\/\/noticiasrec.com\/index.php?rest_route=\/wp\/v2\/posts\/6985\/revisions"}],"predecessor-version":[{"id":6987,"href":"https:\/\/noticiasrec.com\/index.php?rest_route=\/wp\/v2\/posts\/6985\/revisions\/6987"}],"wp:featuredmedia":[{"embeddable":true,"href":"https:\/\/noticiasrec.com\/index.php?rest_route=\/wp\/v2\/media\/6986"}],"wp:attachment":[{"href":"https:\/\/noticiasrec.com\/index.php?rest_route=%2Fwp%2Fv2%2Fmedia&parent=6985"}],"wp:term":[{"taxonomy":"category","embeddable":true,"href":"https:\/\/noticiasrec.com\/index.php?rest_route=%2Fwp%2Fv2%2Fcategories&post=6985"},{"taxonomy":"post_tag","embeddable":true,"href":"https:\/\/noticiasrec.com\/index.php?rest_route=%2Fwp%2Fv2%2Ftags&post=6985"}],"curies":[{"name":"wp","href":"https:\/\/api.w.org\/{rel}","templated":true}]}}