{"id":6979,"date":"2020-06-01T22:20:35","date_gmt":"2020-06-01T22:20:35","guid":{"rendered":"http:\/\/noticiasrec.com\/?p=6979"},"modified":"2020-06-01T22:20:35","modified_gmt":"2020-06-01T22:20:35","slug":"nicolas-kreplak-si-no-achicamos-la-cantidad-de-casos-el-sistema-de-salud-va-a-colapsar","status":"publish","type":"post","link":"https:\/\/noticiasrec.com\/?p=6979","title":{"rendered":"Nicol\u00e1s Kreplak: \u00absi no achicamos la cantidad de casos, el sistema de salud va a colapsar\u00bb"},"content":{"rendered":"\n<p>A solo d\u00edas de que venza&nbsp;<strong>una nueva etapa de la&nbsp;<a href=\"https:\/\/www.clarin.com\/tema\/cuarentena.html\">cuarentena&nbsp;<\/a>\u200bpor el&nbsp;<a href=\"https:\/\/www.clarin.com\/tema\/coronavirus.html\" target=\"_blank\" rel=\"noreferrer noopener\">coronavirus<\/a>\u200b&nbsp;<\/strong>dictada por el Gobierno nacional, las posturas comienzan a definirse y&nbsp;<strong>todo parece indicar que, al menos en el \u00c1rea Metropolitana de Buenos Aires (AMBA), las restricciones continuar\u00e1n.<\/strong><\/p>\n\n\n\n<p>Sin embargo, este lunes el viceministro de Salud de la provincia de Buenos Aires, Nicol\u00e1s Kreplak, fue m\u00e1s all\u00e1 y asegur\u00f3 que el AMBA deber\u00eda retroceder de fase y volver \u00aba lo esencial\u00bb.<\/p>\n\n\n\n<p><strong>Estamos en ascenso de la curva<\/strong>.\u00a0<strong>Cuando empiezan a duplicarse los casos, hay que achatar la curva.\u00a0<\/strong>Ahora es cuando hay que producir las medidas de contenci\u00f3n que reduzcan la cantidad de casos. Creo que hay que frenar, hay que ir a lo esencial, a que se mueva la poblaci\u00f3n esencial y que el resto se quede en sus casas, en el territorio del \u00e1rea metropolitana bonaerense, donde hay gran cantidad de casos\u00bb, afirm\u00f3 el funcionario cuando fue consultado en El Destape Radio sobre si deber\u00eda volverse a la fase uno de la cuarentena.\u00a0 <\/p>\n\n\n\n<p>Adem\u00e1s,&nbsp;<strong>Kreplak asegur\u00f3 que \u00aben el resto del pa\u00eds, hay que tener una gran vigilancia para ver si no es necesario retroceder\u00bb<\/strong>, y advirti\u00f3 que \u00abes una epidemia que uno tiene que ir avanzando y retrocediendo en funci\u00f3n de lo que vaya sucediendo\u00bb.<\/p>\n\n\n\n<p>\u00abHoy estamos viendo cada d\u00eda c\u00f3mo se achica el tiempo de duplicaci\u00f3n, c\u00f3mo aumenta la cantidad de casos y c\u00f3mo se va saturando lentamente el sistema de salud. Si no tomamos una medida que&nbsp;<strong>reduzca la cantidad de casos<\/strong>&nbsp;dr\u00e1sticamente, en semanas el sistema de salud se va a colapsar\u00bb, afirm\u00f3 el ministro.<\/p>\n","protected":false},"excerpt":{"rendered":"<p>A solo d\u00edas de que venza&nbsp;una nueva etapa de la&nbsp;cuarentena&nbsp;\u200bpor el&nbsp;coronavirus\u200b&nbsp;dictada por el Gobierno nacional,..<\/p>\n","protected":false},"author":2,"featured_media":6980,"comment_status":"open","ping_status":"open","sticky":false,"template":"","format":"standard","meta":{"footnotes":""},"categories":[2,19,5],"tags":[787,794,793,164,750,795],"class_list":["post-6979","post","type-post","status-publish","format-standard","has-post-thumbnail","hentry","category-provincia","category-salud","category-sociedad","tag-amba","tag-ascenso-de-la-curva","tag-nicolas-kreplak","tag-provincia-de-buenos-aires","tag-sistema-de-salud","tag-viceministro-de-salud"],"_links":{"self":[{"href":"https:\/\/noticiasrec.com\/index.php?rest_route=\/wp\/v2\/posts\/6979","targetHints":{"allow":["GET"]}}],"collection":[{"href":"https:\/\/noticiasrec.com\/index.php?rest_route=\/wp\/v2\/posts"}],"about":[{"href":"https:\/\/noticiasrec.com\/index.php?rest_route=\/wp\/v2\/types\/post"}],"author":[{"embeddable":true,"href":"https:\/\/noticiasrec.com\/index.php?rest_route=\/wp\/v2\/users\/2"}],"replies":[{"embeddable":true,"href":"https:\/\/noticiasrec.com\/index.php?rest_route=%2Fwp%2Fv2%2Fcomments&post=6979"}],"version-history":[{"count":1,"href":"https:\/\/noticiasrec.com\/index.php?rest_route=\/wp\/v2\/posts\/6979\/revisions"}],"predecessor-version":[{"id":6981,"href":"https:\/\/noticiasrec.com\/index.php?rest_route=\/wp\/v2\/posts\/6979\/revisions\/6981"}],"wp:featuredmedia":[{"embeddable":true,"href":"https:\/\/noticiasrec.com\/index.php?rest_route=\/wp\/v2\/media\/6980"}],"wp:attachment":[{"href":"https:\/\/noticiasrec.com\/index.php?rest_route=%2Fwp%2Fv2%2Fmedia&parent=6979"}],"wp:term":[{"taxonomy":"category","embeddable":true,"href":"https:\/\/noticiasrec.com\/index.php?rest_route=%2Fwp%2Fv2%2Fcategories&post=6979"},{"taxonomy":"post_tag","embeddable":true,"href":"https:\/\/noticiasrec.com\/index.php?rest_route=%2Fwp%2Fv2%2Ftags&post=6979"}],"curies":[{"name":"wp","href":"https:\/\/api.w.org\/{rel}","templated":true}]}}