{"id":6968,"date":"2020-05-27T14:06:17","date_gmt":"2020-05-27T14:06:17","guid":{"rendered":"http:\/\/noticiasrec.com\/?p=6968"},"modified":"2020-05-27T14:06:17","modified_gmt":"2020-05-27T14:06:17","slug":"la-provincia-analiza-recortar-recorridos-de-colectivos-en-el-amba","status":"publish","type":"post","link":"https:\/\/noticiasrec.com\/?p=6968","title":{"rendered":"La Provincia analiza recortar recorridos de colectivos en el AMBA"},"content":{"rendered":"\n<p>El Subsecretario de Transporte bonaerense, Alejo Supply, asegur\u00f3 que en esta etapa del aislamiento social, preventivo y obligatorio por la pandemia de coronavirus \u00ablo ideal es que baje un 30 por ciento la circulaci\u00f3n en transporte p\u00fablico en el AMBA\u00bb.<br><br><br>En declaraciones a radio Provincia, el funcionario record\u00f3 que las personas exceptuadas del cumplimiento de la cuarentena en el \u00e1rea metropolitana deber\u00e1n volver a gestionar, antes del 30 de mayo, el permiso para poder circular y justific\u00f3 esa decisi\u00f3n en que se busca \u00abevitar que suba la curva\u00bb de contagios.<br><br><br>A la vez, Supply sostuvo que \u00abse est\u00e1n haciendo muy bien los controles, con un resultado que es muy bueno en transporte de colectivos\u00bb. Y detall\u00f3 que la semana pasada los controles se hicieron en Quilmes \u00abpara ver c\u00f3mo viajaba la gente en los lugares de ascenso del transporte y vimos que ocupan 20 o 25 por ciento de la capacidad del colectivo\u00bb.<br><br><br>\u00abQueremos que baje la cantidad de gente que circula dentro del AMBA, m\u00e1s donde epidemiol\u00f3gicamente tenemos un alta en la curva\u00bb, remarc\u00f3 y enfatiz\u00f3 que \u00aba partir del viernes, se pedir\u00e1 a los pasajeros el permiso de la app CUIDAR\u00bb.<br><br><br>\u00abEndurecemos la postura porque necesitamos que circule primero el que tiene el permiso, y despu\u00e9s el que tiene permiso vigente. Porque divisamos gente que circulaba con el permiso vencido\u00bb, dijo.<br><br><br>El funcionario apunt\u00f3 que \u00abviajar en auto es la mejor alternativa\u00bb y cont\u00f3 que desde ma\u00f1ana \u00abhabr\u00e1 una aplicaci\u00f3n que ordenar\u00e1 el ascenso al tren\u00bb.<br><br><br>\u00abCada vez que surja una situaci\u00f3n de contagio masivo debemos ver qu\u00e9 hacer con el transporte, si cambiar su recorrido o que no circule por la zona de conflicto\u00bb, finaliz\u00f3.<\/p>\n\n\n\n<figure><iframe width=\"100%\" src=\"https:\/\/apis.google.com\/u\/0\/se\/0\/_\/+1\/fastbutton?usegapi=1&amp;annotation=none&amp;width=40&amp;hl=en&amp;origin=https%3A%2F%2Fwww.pilardetodos.com.ar&amp;url=https%3A%2F%2Fwww.pilardetodos.com.ar%2Fsecciones%2Fnoticias%2Fsociedad%2Fla-provincia-busca-reducir-un-30-la-circulacion-en-el-transporte-publico-del-amba&amp;gsrc=3p&amp;ic=1&amp;jsh=m%3B%2F_%2Fscs%2Fapps-static%2F_%2Fjs%2Fk%3Doz.gapi.es_419.0KucRXQBqZE.O%2Fam%3DwQE%2Fd%3D1%2Fct%3Dzgms%2Frs%3DAGLTcCP4EcEcJJcXEQWXkKj9JfY7QIK1wA%2Fm%3D__features__#_methods=onPlusOne%2C_ready%2C_close%2C_open%2C_resizeMe%2C_renderstart%2Concircled%2Cdrefresh%2Cerefresh&amp;id=I0_1590587800792&amp;_gfid=I0_1590587800792&amp;parent=https%3A%2F%2Fwww.pilardetodos.com.ar&amp;pfname=&amp;rpctoken=83984579\"><\/iframe><\/figure>\n","protected":false},"excerpt":{"rendered":"<p>El Subsecretario de Transporte bonaerense, Alejo Supply, asegur\u00f3 que en esta etapa del aislamiento social,..<\/p>\n","protected":false},"author":2,"featured_media":6969,"comment_status":"open","ping_status":"open","sticky":false,"template":"","format":"standard","meta":{"footnotes":""},"categories":[2,19,5],"tags":[787,193,789,788],"class_list":["post-6968","post","type-post","status-publish","format-standard","has-post-thumbnail","hentry","category-provincia","category-salud","category-sociedad","tag-amba","tag-provincia","tag-recortar-recorridos","tag-transporte-bonaerense"],"_links":{"self":[{"href":"https:\/\/noticiasrec.com\/index.php?rest_route=\/wp\/v2\/posts\/6968","targetHints":{"allow":["GET"]}}],"collection":[{"href":"https:\/\/noticiasrec.com\/index.php?rest_route=\/wp\/v2\/posts"}],"about":[{"href":"https:\/\/noticiasrec.com\/index.php?rest_route=\/wp\/v2\/types\/post"}],"author":[{"embeddable":true,"href":"https:\/\/noticiasrec.com\/index.php?rest_route=\/wp\/v2\/users\/2"}],"replies":[{"embeddable":true,"href":"https:\/\/noticiasrec.com\/index.php?rest_route=%2Fwp%2Fv2%2Fcomments&post=6968"}],"version-history":[{"count":1,"href":"https:\/\/noticiasrec.com\/index.php?rest_route=\/wp\/v2\/posts\/6968\/revisions"}],"predecessor-version":[{"id":6970,"href":"https:\/\/noticiasrec.com\/index.php?rest_route=\/wp\/v2\/posts\/6968\/revisions\/6970"}],"wp:featuredmedia":[{"embeddable":true,"href":"https:\/\/noticiasrec.com\/index.php?rest_route=\/wp\/v2\/media\/6969"}],"wp:attachment":[{"href":"https:\/\/noticiasrec.com\/index.php?rest_route=%2Fwp%2Fv2%2Fmedia&parent=6968"}],"wp:term":[{"taxonomy":"category","embeddable":true,"href":"https:\/\/noticiasrec.com\/index.php?rest_route=%2Fwp%2Fv2%2Fcategories&post=6968"},{"taxonomy":"post_tag","embeddable":true,"href":"https:\/\/noticiasrec.com\/index.php?rest_route=%2Fwp%2Fv2%2Ftags&post=6968"}],"curies":[{"name":"wp","href":"https:\/\/api.w.org\/{rel}","templated":true}]}}