{"id":6961,"date":"2020-05-21T14:23:37","date_gmt":"2020-05-21T14:23:37","guid":{"rendered":"http:\/\/noticiasrec.com\/?p=6961"},"modified":"2020-05-21T14:23:37","modified_gmt":"2020-05-21T14:23:37","slug":"el-intendente-ishii-recorrio-junto-al-actual-sec-gral-de-gobierno-de-la-pcia-de-buenos-aires-federico-thea-la-obra-de-la-facultad-de-medicina","status":"publish","type":"post","link":"https:\/\/noticiasrec.com\/?p=6961","title":{"rendered":"El intendente Ishii recorri\u00f3 junto al actual Sec. Gral. de Gobierno de la Pcia. de Buenos Aires Federico Thea, la obra de la Facultad de Medicina"},"content":{"rendered":"\n<p>El Intendente Ishii estuvo visitando la obra durante esta jornada.<\/p>\n\n\n\n<p>\n\nMario Ishii recorri\u00f3 la avanzada obra de la Facultad de Medicina pace\u00f1a junto a Federico Thea, el actual Secretario General de Gobierno de la Provincia de Buenos Aires. Durante el recorrido observaron el avance de la misma y conversaron sobre el accionar del municipio durante la pandemia y la importancia de esta obra&nbsp;para el futuro de la educaci\u00f3n de Jos\u00e9 C. Paz\n\n<\/p>\n\n\n\n<p>Los trabajadores de la Constructora Municipal contin\u00faan trabajando fuertemente bajo estricto protocolo de seguridad sanitaria debido a la emergencia por la pandemia.<\/p>\n\n\n\n<p>Esta mega construcci\u00f3n contar\u00e1 con m\u00e1s de 100 aulas, laboratorios, varias salas de reuniones, y podr\u00e1 albergar a miles de estudiantes.<\/p>\n","protected":false},"excerpt":{"rendered":"<p>El Intendente Ishii estuvo visitando la obra durante esta jornada. Mario Ishii recorri\u00f3 la avanzada..<\/p>\n","protected":false},"author":2,"featured_media":6962,"comment_status":"open","ping_status":"open","sticky":false,"template":"","format":"standard","meta":{"footnotes":""},"categories":[25,10,3,2],"tags":[785,190,60,786],"class_list":["post-6961","post","type-post","status-publish","format-standard","has-post-thumbnail","hentry","category-educacion","category-jose-c-paz","category-municipios","category-provincia","tag-federico-thea","tag-ishii","tag-jose-c-paz","tag-obra-de-la-facultad-de-medicina"],"_links":{"self":[{"href":"https:\/\/noticiasrec.com\/index.php?rest_route=\/wp\/v2\/posts\/6961","targetHints":{"allow":["GET"]}}],"collection":[{"href":"https:\/\/noticiasrec.com\/index.php?rest_route=\/wp\/v2\/posts"}],"about":[{"href":"https:\/\/noticiasrec.com\/index.php?rest_route=\/wp\/v2\/types\/post"}],"author":[{"embeddable":true,"href":"https:\/\/noticiasrec.com\/index.php?rest_route=\/wp\/v2\/users\/2"}],"replies":[{"embeddable":true,"href":"https:\/\/noticiasrec.com\/index.php?rest_route=%2Fwp%2Fv2%2Fcomments&post=6961"}],"version-history":[{"count":1,"href":"https:\/\/noticiasrec.com\/index.php?rest_route=\/wp\/v2\/posts\/6961\/revisions"}],"predecessor-version":[{"id":6963,"href":"https:\/\/noticiasrec.com\/index.php?rest_route=\/wp\/v2\/posts\/6961\/revisions\/6963"}],"wp:featuredmedia":[{"embeddable":true,"href":"https:\/\/noticiasrec.com\/index.php?rest_route=\/wp\/v2\/media\/6962"}],"wp:attachment":[{"href":"https:\/\/noticiasrec.com\/index.php?rest_route=%2Fwp%2Fv2%2Fmedia&parent=6961"}],"wp:term":[{"taxonomy":"category","embeddable":true,"href":"https:\/\/noticiasrec.com\/index.php?rest_route=%2Fwp%2Fv2%2Fcategories&post=6961"},{"taxonomy":"post_tag","embeddable":true,"href":"https:\/\/noticiasrec.com\/index.php?rest_route=%2Fwp%2Fv2%2Ftags&post=6961"}],"curies":[{"name":"wp","href":"https:\/\/api.w.org\/{rel}","templated":true}]}}