{"id":6939,"date":"2020-04-27T16:11:55","date_gmt":"2020-04-27T16:11:55","guid":{"rendered":"http:\/\/noticiasrec.com\/?p=6939"},"modified":"2020-04-27T16:13:04","modified_gmt":"2020-04-27T16:13:04","slug":"delincuente-con-barbijo-murio-baleado-por-el-hombre-al-que-asalto-en-moreno","status":"publish","type":"post","link":"https:\/\/noticiasrec.com\/?p=6939","title":{"rendered":"Delincuente con barbijo muri\u00f3 baleado por el hombre al que asalt\u00f3 en Moreno"},"content":{"rendered":"\n<p>\n\nUn hombre mat\u00f3 a balazos a un delincuente que con barbijo lo asalt\u00f3 en una parada de colectivos, en el partido bonaerense de Moreno, y fue liberado porque se trat\u00f3 de un caso de \u00ableg\u00edtima defensa\u00bb, informaron hoy fuentes judiciales.<\/p>\n\n\n\n<p>El hecho se registr\u00f3 ayer a la ma\u00f1ana en ruta 23 y Dem\u00f3stenes, en la localidad de Cuartel V, a unas 20 cuadras de la estaci\u00f3n de Moreno, en el oeste del conurbano.<\/p>\n\n\n\n<p>Fuentes judiciales informaron a T\u00e9lam que en esa circunstancias se acerc\u00f3 un joven con barbijo y que portaba un arma de fuego calibre .22 con la que intent\u00f3 robarle las pertenencias a un hombre que iba a trabajar.<\/p>\n\n\n\n<p>El damnificado se resisti\u00f3 y comenz\u00f3 a forcejar con el asaltante hasta que le arrebat\u00f3 el arma con la que le dio un balazo en el est\u00f3mago.<\/p>\n\n\n\n<p>Seg\u00fan las fuentes, el delincuente quiso escapar por una calle de tierra pero muri\u00f3 a los pocos metros a ra\u00edz de las lesiones sufridas.<\/p>\n\n\n\n<p>La polic\u00eda de la Jefatura Departamental de Moreno lleg\u00f3 al lugar luego que el hombre asaltado llam\u00f3 al 911 y constat\u00f3 la muerte del joven, de 23 a\u00f1os.<\/p>\n\n\n\n<p>Los efectivos informaron sobre el hecho al fiscal Gabriel Flores, quien en principio orden\u00f3 la aprehensi\u00f3n del tirador hasta tanto se comprobara las circunstancias de lo sucedido.<\/p>\n\n\n\n<p>Tras obtener distintas pruebas, el funcionario judicial orden\u00f3 liberarlo luego de constatar que el suceso hab\u00eda sido en \u00ableg\u00edtima defensa\u00bb, aunque qued\u00f3 a disposici\u00f3n de la fiscal\u00eda ante cualquier requisitoria.<\/p>\n\n\n\n<p>\u00abNo se puede distinguir entre personas de bien y delincuentes porque todos vamos con barbijos y eso confunde mas a\u00fan. Pero pudo reaccionar en el momento justo porque observ\u00f3 que sac\u00f3 un arma de fuego\u00bb, dijo un vocero encargado de la pesquisa sobre la versi\u00f3n que dio el hombre.<\/p>\n\n\n\n<p>La causa es investigada por personal de la comisar\u00eda 2da. de Trujui e instruida por el fiscal Flores, a cargo de la Unidad Funcional de Instrucci\u00f3n (UFI) 8 del Departamento Judicial de Moreno \u2013 General Rodr\u00edguez.<\/p>\n","protected":false},"excerpt":{"rendered":"<p>Un hombre mat\u00f3 a balazos a un delincuente que con barbijo lo asalt\u00f3 en una..<\/p>\n","protected":false},"author":2,"featured_media":6940,"comment_status":"open","ping_status":"open","sticky":false,"template":"","format":"standard","meta":{"footnotes":""},"categories":[21,18,2],"tags":[770,769,85,771],"class_list":["post-6939","post","type-post","status-publish","format-standard","has-post-thumbnail","hentry","category-moreno","category-policiales","category-provincia","tag-con-barbijo","tag-delincuente","tag-moreno","tag-murio-baleado"],"_links":{"self":[{"href":"https:\/\/noticiasrec.com\/index.php?rest_route=\/wp\/v2\/posts\/6939","targetHints":{"allow":["GET"]}}],"collection":[{"href":"https:\/\/noticiasrec.com\/index.php?rest_route=\/wp\/v2\/posts"}],"about":[{"href":"https:\/\/noticiasrec.com\/index.php?rest_route=\/wp\/v2\/types\/post"}],"author":[{"embeddable":true,"href":"https:\/\/noticiasrec.com\/index.php?rest_route=\/wp\/v2\/users\/2"}],"replies":[{"embeddable":true,"href":"https:\/\/noticiasrec.com\/index.php?rest_route=%2Fwp%2Fv2%2Fcomments&post=6939"}],"version-history":[{"count":1,"href":"https:\/\/noticiasrec.com\/index.php?rest_route=\/wp\/v2\/posts\/6939\/revisions"}],"predecessor-version":[{"id":6941,"href":"https:\/\/noticiasrec.com\/index.php?rest_route=\/wp\/v2\/posts\/6939\/revisions\/6941"}],"wp:featuredmedia":[{"embeddable":true,"href":"https:\/\/noticiasrec.com\/index.php?rest_route=\/wp\/v2\/media\/6940"}],"wp:attachment":[{"href":"https:\/\/noticiasrec.com\/index.php?rest_route=%2Fwp%2Fv2%2Fmedia&parent=6939"}],"wp:term":[{"taxonomy":"category","embeddable":true,"href":"https:\/\/noticiasrec.com\/index.php?rest_route=%2Fwp%2Fv2%2Fcategories&post=6939"},{"taxonomy":"post_tag","embeddable":true,"href":"https:\/\/noticiasrec.com\/index.php?rest_route=%2Fwp%2Fv2%2Ftags&post=6939"}],"curies":[{"name":"wp","href":"https:\/\/api.w.org\/{rel}","templated":true}]}}