{"id":6930,"date":"2020-04-24T14:21:49","date_gmt":"2020-04-24T14:21:49","guid":{"rendered":"http:\/\/noticiasrec.com\/?p=6930"},"modified":"2020-04-24T14:21:49","modified_gmt":"2020-04-24T14:21:49","slug":"acondicionan-el-htal-domingo-angio-de-jose-c-paz-para-recibir-pacientes-con-covid-19","status":"publish","type":"post","link":"https:\/\/noticiasrec.com\/?p=6930","title":{"rendered":"Acondicionan el Htal. Domingo Angio de Jos\u00e9 C. Paz para recibir pacientes con COVID-19"},"content":{"rendered":"\n<p>Mario Ishii<strong>  <\/strong>trabaja programando las respuestas del sistema de salud para las pr\u00f3ximas semanas, as\u00ed como la inversi\u00f3n necesaria en equipamiento y profesionales\u00bb en los distintos nosocomios del distrito de Jos\u00e9 C. Paz.<\/p>\n\n\n\n<p>Es as\u00ed que por orden del mismo intendente se est\u00e1 acondicionando el Hospital Municipal de Traumatolog\u00eda \u201c Domingo Angio\u201d para recibir a pacientes con COVID-19 en el momento m\u00e1s \u00e1lgido de la pandemia.<br>Las salas de internaci\u00f3n cuentan con camas realizadas en la Secretar\u00eda de Producci\u00f3n.<\/p>\n\n\n\n<p>El Hospital quedar\u00e1 inhabilitado provisoriamente para la atenci\u00f3n ambulatoria y se tratar\u00e1 de una unidad cerrada donde s\u00f3lo se ingresar\u00e1n pacientes por traslado.<\/p>\n","protected":false},"excerpt":{"rendered":"<p>Mario Ishii trabaja programando las respuestas del sistema de salud para las pr\u00f3ximas semanas, as\u00ed..<\/p>\n","protected":false},"author":2,"featured_media":6931,"comment_status":"open","ping_status":"open","sticky":false,"template":"","format":"standard","meta":{"footnotes":""},"categories":[10,3,19],"tags":[761,742,760,762,60,62,639],"class_list":["post-6930","post","type-post","status-publish","format-standard","has-post-thumbnail","hentry","category-jose-c-paz","category-municipios","category-salud","tag-camas","tag-covid-19","tag-htal-domingo-angio","tag-internacion","tag-jose-c-paz","tag-mario-ishii","tag-pacientes"],"_links":{"self":[{"href":"https:\/\/noticiasrec.com\/index.php?rest_route=\/wp\/v2\/posts\/6930","targetHints":{"allow":["GET"]}}],"collection":[{"href":"https:\/\/noticiasrec.com\/index.php?rest_route=\/wp\/v2\/posts"}],"about":[{"href":"https:\/\/noticiasrec.com\/index.php?rest_route=\/wp\/v2\/types\/post"}],"author":[{"embeddable":true,"href":"https:\/\/noticiasrec.com\/index.php?rest_route=\/wp\/v2\/users\/2"}],"replies":[{"embeddable":true,"href":"https:\/\/noticiasrec.com\/index.php?rest_route=%2Fwp%2Fv2%2Fcomments&post=6930"}],"version-history":[{"count":1,"href":"https:\/\/noticiasrec.com\/index.php?rest_route=\/wp\/v2\/posts\/6930\/revisions"}],"predecessor-version":[{"id":6932,"href":"https:\/\/noticiasrec.com\/index.php?rest_route=\/wp\/v2\/posts\/6930\/revisions\/6932"}],"wp:featuredmedia":[{"embeddable":true,"href":"https:\/\/noticiasrec.com\/index.php?rest_route=\/wp\/v2\/media\/6931"}],"wp:attachment":[{"href":"https:\/\/noticiasrec.com\/index.php?rest_route=%2Fwp%2Fv2%2Fmedia&parent=6930"}],"wp:term":[{"taxonomy":"category","embeddable":true,"href":"https:\/\/noticiasrec.com\/index.php?rest_route=%2Fwp%2Fv2%2Fcategories&post=6930"},{"taxonomy":"post_tag","embeddable":true,"href":"https:\/\/noticiasrec.com\/index.php?rest_route=%2Fwp%2Fv2%2Ftags&post=6930"}],"curies":[{"name":"wp","href":"https:\/\/api.w.org\/{rel}","templated":true}]}}