{"id":6919,"date":"2020-04-13T15:11:18","date_gmt":"2020-04-13T15:11:18","guid":{"rendered":"http:\/\/noticiasrec.com\/?p=6919"},"modified":"2020-04-13T15:11:18","modified_gmt":"2020-04-13T15:11:18","slug":"kiciloff-respaldo-la-cuarentena-pero-dijo-que-se-evaluaran-cambios-con-intendentes","status":"publish","type":"post","link":"https:\/\/noticiasrec.com\/?p=6919","title":{"rendered":"Kiciloff respald\u00f3 la cuarentena, pero dijo que se evaluar\u00e1n cambios con intendentes"},"content":{"rendered":"\n<p>\n\nEl gobernador bonaerense, Axel Kiciloff, respald\u00f3 hoy la decisi\u00f3n del presidente Alberto Fern\u00e1ndez de extender el aislamiento preventivo y obligatorio para mitigar el avance de la pandemia de coronavirus y anticip\u00f3 que esta semana analizar\u00e1 propuestas sobre eventuales cambios en las restricciones de la cuarentena con intendentes y especialistas.<\/p>\n\n\n\n<p>\u00abTodo seguir\u00e1 igual por el momento, pero vamos a evaluar con los intendentes diferentes alternativas y propuestas para elevar al Presidente. No todos los lugares son iguales y debemos cuidar de no desplazar el virus de una zona a otra\u00bb, expres\u00f3 esta ma\u00f1ana Kicillof, luego de reunirse con miembros de su gabinete y del comit\u00e9 de emergencia.<\/p>\n\n\n\n<p>El gobernador dijo que a partir de ma\u00f1ana se reunir\u00e1 con intendentes y especialistas y asegur\u00f3 que \u00abel nivel de acatamiento de la cuarentena en la provincia es muy alto.<\/p>\n\n\n\n<p>\u00abLa situaci\u00f3n econ\u00f3mica se vio interrumpida en muchos sectores y toda decisi\u00f3n de cambio tiene que ir de la mano de la cuesti\u00f3n sanitaria\u00bb, advirti\u00f3 no obstante Kicillof.<\/p>\n\n\n\n<p>En cuanto a la extensi\u00f3n de la cuarentena, juzg\u00f3 que el Presidente \u00abhizo lo que hab\u00eda que hacer\u00bb.<\/p>\n\n\n\n<p>\u00abNo se pod\u00eda demorar la decisi\u00f3n y los n\u00fameros que se mostraron son contundentes y permitieron que el sistema de salud no se desborde\u00bb, argument\u00f3.<\/p>\n\n\n\n<p>Detall\u00f3 que, en este tiempo en la provincia, se logr\u00f3 \u00abampliar la capacidad de atenci\u00f3n\u00bb y se duplic\u00f3 la cantidad de camas de terapia intensiva que hab\u00eda disponibles.<\/p>\n\n\n\n<p>\u00abLas estimaciones indicaban que el pico de la epidemia se iba a dar a mediados de abril y eso se desplaz\u00f3 para mediados de mayo, lo que nos permiti\u00f3 ganar un tiempo muy valioso\u00bb, remarc\u00f3.<br><\/p>\n","protected":false},"excerpt":{"rendered":"<p>El gobernador bonaerense, Axel Kiciloff, respald\u00f3 hoy la decisi\u00f3n del presidente Alberto Fern\u00e1ndez de extender..<\/p>\n","protected":false},"author":2,"featured_media":6920,"comment_status":"open","ping_status":"open","sticky":false,"template":"","format":"standard","meta":{"footnotes":""},"categories":[3,2,5],"tags":[753,712,752,333,751],"class_list":["post-6919","post","type-post","status-publish","format-standard","has-post-thumbnail","hentry","category-municipios","category-provincia","category-sociedad","tag-aislamiento-preventivo","tag-cuarentena","tag-evaluaran-cambios","tag-intendentes","tag-kiciloff"],"_links":{"self":[{"href":"https:\/\/noticiasrec.com\/index.php?rest_route=\/wp\/v2\/posts\/6919","targetHints":{"allow":["GET"]}}],"collection":[{"href":"https:\/\/noticiasrec.com\/index.php?rest_route=\/wp\/v2\/posts"}],"about":[{"href":"https:\/\/noticiasrec.com\/index.php?rest_route=\/wp\/v2\/types\/post"}],"author":[{"embeddable":true,"href":"https:\/\/noticiasrec.com\/index.php?rest_route=\/wp\/v2\/users\/2"}],"replies":[{"embeddable":true,"href":"https:\/\/noticiasrec.com\/index.php?rest_route=%2Fwp%2Fv2%2Fcomments&post=6919"}],"version-history":[{"count":1,"href":"https:\/\/noticiasrec.com\/index.php?rest_route=\/wp\/v2\/posts\/6919\/revisions"}],"predecessor-version":[{"id":6921,"href":"https:\/\/noticiasrec.com\/index.php?rest_route=\/wp\/v2\/posts\/6919\/revisions\/6921"}],"wp:featuredmedia":[{"embeddable":true,"href":"https:\/\/noticiasrec.com\/index.php?rest_route=\/wp\/v2\/media\/6920"}],"wp:attachment":[{"href":"https:\/\/noticiasrec.com\/index.php?rest_route=%2Fwp%2Fv2%2Fmedia&parent=6919"}],"wp:term":[{"taxonomy":"category","embeddable":true,"href":"https:\/\/noticiasrec.com\/index.php?rest_route=%2Fwp%2Fv2%2Fcategories&post=6919"},{"taxonomy":"post_tag","embeddable":true,"href":"https:\/\/noticiasrec.com\/index.php?rest_route=%2Fwp%2Fv2%2Ftags&post=6919"}],"curies":[{"name":"wp","href":"https:\/\/api.w.org\/{rel}","templated":true}]}}