{"id":6915,"date":"2020-04-06T20:33:29","date_gmt":"2020-04-06T20:33:29","guid":{"rendered":"http:\/\/noticiasrec.com\/?p=6915"},"modified":"2020-04-06T20:35:58","modified_gmt":"2020-04-06T20:35:58","slug":"kicillof-por-suerte-el-sistema-de-salud-hoy-no-esta-colapsado","status":"publish","type":"post","link":"https:\/\/noticiasrec.com\/?p=6915","title":{"rendered":"Kicillof: \u00abPor suerte, el sistema de salud hoy no est\u00e1 colapsado\u00bb"},"content":{"rendered":"\n<p>\n\nEl gobernador de la provincia de Buenos Aires,&nbsp;<strong>Axel Kicillof, asegur\u00f3 que \u00abpor suerte, el sistema de salud hoy no est\u00e1 colapsado\u00bb<\/strong>&nbsp;y destac\u00f3 que, desde su administraci\u00f3n, se trabaja \u00abincansablemente\u00bb para poder atender los contagios de coronavirus.<\/p>\n\n\n\n<p><strong>\u00abLos contagios se redujeron respecto de lo que se esperaba porque se hablaba de un pico en abril y ahora se espera para mayo\u00bb<\/strong>, describi\u00f3 el mandatario provincial en declaraciones formuladas este mediod\u00eda a la se\u00f1al de cable TN.<\/p>\n\n\n\n<p>Kicillof advirti\u00f3 que<strong>&nbsp;la provincia contaba antes \u00abcon 300 camas disponibles\u00bb y ya duplicaron esa cantidad<\/strong>, y remarc\u00f3 que \u00abel sistema de salud ven\u00eda muy golpeado\u00bb y lo est\u00e1n \u00abponiendo en valor y expandi\u00e9ndolo\u00bb.<\/p>\n\n\n\n<p>En ese sentido, subray\u00f3 que siente \u00abuna verdadera satisfacci\u00f3n\u00bb cuando logra ampliar 10 o 20 camas en determinados distritos.<\/p>\n\n\n\n<p>Destac\u00f3 que se est\u00e1 ante un escenario que, a futuro, se presenta desconocido porque \u00abnadie, sabe ni cu\u00e1ndo ni cu\u00e1ntos infectados va a haber\u00bb y a\u00f1adi\u00f3 que intentan que \u00abhaya menos contagios\u00bb y que los que existan que se den \u00aba un ritmo menor\u00bb.<\/p>\n\n\n\n<p>Luego,<strong>&nbsp;expuso que se necesitan entre 700 y 1000 respiradores<\/strong>, detall\u00f3 que junto a las universidades se trabaja para reparar algunos que estaban viejos o en mal estado y estim\u00f3 que se est\u00e1 \u00abcamino a poder lograr el abastecimiento\u00bb.<\/p>\n\n\n\n<p>Finalmente, se refiri\u00f3 al decreto por el cual la provincia de Buenos Aires autoriz\u00f3 hoy a trabajar dentro del sistema sanitario a los m\u00e9dicos retirados y aquellos que se hayan acogido a un retiro voluntario para poder disponer de la mayor cantidad posible de personal especializado para atender la emergencia.<\/p>\n\n\n\n<p>\u00abAbrimos una convocatoria y vimos que muchos m\u00e9dicos jubilados est\u00e1n con ganas de trabajar y dar una mano, y por eso modificamos la reglamentaci\u00f3n para permitirles que puedan hacerlo\u00bb, asever\u00f3 Kicillof.<\/p>\n\n\n\n<p>\u00abDe esto no se salva nadie solo; la solidaridad es la principal vacuna contra el Covid-19\u00bb, concluy\u00f3 el gobernador.\n\n<\/p>\n\n\n\n<p><\/p>\n","protected":false},"excerpt":{"rendered":"<p>El gobernador de la provincia de Buenos Aires,&nbsp;Axel Kicillof, asegur\u00f3 que \u00abpor suerte, el sistema..<\/p>\n","protected":false},"author":2,"featured_media":6916,"comment_status":"open","ping_status":"open","sticky":false,"template":"","format":"standard","meta":{"footnotes":""},"categories":[12,2,19],"tags":[316,707,749,750],"class_list":["post-6915","post","type-post","status-publish","format-standard","has-post-thumbnail","hentry","category-escobar","category-provincia","category-salud","tag-axel-kicillof","tag-coronavirus","tag-no-esta-colapsado","tag-sistema-de-salud"],"_links":{"self":[{"href":"https:\/\/noticiasrec.com\/index.php?rest_route=\/wp\/v2\/posts\/6915","targetHints":{"allow":["GET"]}}],"collection":[{"href":"https:\/\/noticiasrec.com\/index.php?rest_route=\/wp\/v2\/posts"}],"about":[{"href":"https:\/\/noticiasrec.com\/index.php?rest_route=\/wp\/v2\/types\/post"}],"author":[{"embeddable":true,"href":"https:\/\/noticiasrec.com\/index.php?rest_route=\/wp\/v2\/users\/2"}],"replies":[{"embeddable":true,"href":"https:\/\/noticiasrec.com\/index.php?rest_route=%2Fwp%2Fv2%2Fcomments&post=6915"}],"version-history":[{"count":1,"href":"https:\/\/noticiasrec.com\/index.php?rest_route=\/wp\/v2\/posts\/6915\/revisions"}],"predecessor-version":[{"id":6917,"href":"https:\/\/noticiasrec.com\/index.php?rest_route=\/wp\/v2\/posts\/6915\/revisions\/6917"}],"wp:featuredmedia":[{"embeddable":true,"href":"https:\/\/noticiasrec.com\/index.php?rest_route=\/wp\/v2\/media\/6916"}],"wp:attachment":[{"href":"https:\/\/noticiasrec.com\/index.php?rest_route=%2Fwp%2Fv2%2Fmedia&parent=6915"}],"wp:term":[{"taxonomy":"category","embeddable":true,"href":"https:\/\/noticiasrec.com\/index.php?rest_route=%2Fwp%2Fv2%2Fcategories&post=6915"},{"taxonomy":"post_tag","embeddable":true,"href":"https:\/\/noticiasrec.com\/index.php?rest_route=%2Fwp%2Fv2%2Ftags&post=6915"}],"curies":[{"name":"wp","href":"https:\/\/api.w.org\/{rel}","templated":true}]}}