{"id":6885,"date":"2020-03-25T15:08:04","date_gmt":"2020-03-25T15:08:04","guid":{"rendered":"http:\/\/noticiasrec.com\/?p=6885"},"modified":"2020-03-25T15:08:04","modified_gmt":"2020-03-25T15:08:04","slug":"43-detenciones-en-jose-c-paz-por-violar-la-cuarentena","status":"publish","type":"post","link":"https:\/\/noticiasrec.com\/?p=6885","title":{"rendered":"43 detenciones en Jos\u00e9 C. Paz, por violar la cuarentena"},"content":{"rendered":"\n<p>\n\nEn concordancia con las medidas de aislaci\u00f3n propuestas de forma obligatoria por el Gobierno Nacional, la Secretaria de Seguridad en conjunto con el Comando de Patrulla Jos\u00e9 C Paz, las comisarias 1ra, 2da, y 3ra, y la Polic\u00eda Local, D.D.I del distrito, aprehendieron 43 ciudadanos que no pod\u00edan justificar su libre circulaci\u00f3n. Los mismos fueron puestos a disposici\u00f3n del Juzgado Federal Nro 1 del Departamento Judicial de San Martin\n\n<\/p>\n","protected":false},"excerpt":{"rendered":"<p>En concordancia con las medidas de aislaci\u00f3n propuestas de forma obligatoria por el Gobierno Nacional,..<\/p>\n","protected":false},"author":2,"featured_media":6886,"comment_status":"open","ping_status":"open","sticky":false,"template":"","format":"standard","meta":{"footnotes":""},"categories":[10,3,18],"tags":[723,712,60,724],"class_list":["post-6885","post","type-post","status-publish","format-standard","has-post-thumbnail","hentry","category-jose-c-paz","category-municipios","category-policiales","tag-43-detenciones","tag-cuarentena","tag-jose-c-paz","tag-violar"],"_links":{"self":[{"href":"https:\/\/noticiasrec.com\/index.php?rest_route=\/wp\/v2\/posts\/6885","targetHints":{"allow":["GET"]}}],"collection":[{"href":"https:\/\/noticiasrec.com\/index.php?rest_route=\/wp\/v2\/posts"}],"about":[{"href":"https:\/\/noticiasrec.com\/index.php?rest_route=\/wp\/v2\/types\/post"}],"author":[{"embeddable":true,"href":"https:\/\/noticiasrec.com\/index.php?rest_route=\/wp\/v2\/users\/2"}],"replies":[{"embeddable":true,"href":"https:\/\/noticiasrec.com\/index.php?rest_route=%2Fwp%2Fv2%2Fcomments&post=6885"}],"version-history":[{"count":1,"href":"https:\/\/noticiasrec.com\/index.php?rest_route=\/wp\/v2\/posts\/6885\/revisions"}],"predecessor-version":[{"id":6887,"href":"https:\/\/noticiasrec.com\/index.php?rest_route=\/wp\/v2\/posts\/6885\/revisions\/6887"}],"wp:featuredmedia":[{"embeddable":true,"href":"https:\/\/noticiasrec.com\/index.php?rest_route=\/wp\/v2\/media\/6886"}],"wp:attachment":[{"href":"https:\/\/noticiasrec.com\/index.php?rest_route=%2Fwp%2Fv2%2Fmedia&parent=6885"}],"wp:term":[{"taxonomy":"category","embeddable":true,"href":"https:\/\/noticiasrec.com\/index.php?rest_route=%2Fwp%2Fv2%2Fcategories&post=6885"},{"taxonomy":"post_tag","embeddable":true,"href":"https:\/\/noticiasrec.com\/index.php?rest_route=%2Fwp%2Fv2%2Ftags&post=6885"}],"curies":[{"name":"wp","href":"https:\/\/api.w.org\/{rel}","templated":true}]}}