{"id":6876,"date":"2020-03-25T13:54:43","date_gmt":"2020-03-25T13:54:43","guid":{"rendered":"http:\/\/noticiasrec.com\/?p=6876"},"modified":"2020-03-25T13:54:43","modified_gmt":"2020-03-25T13:54:43","slug":"cuba-envia-brigada-de-500-medicos-a-la-provincia-de-buenos-aires","status":"publish","type":"post","link":"https:\/\/noticiasrec.com\/?p=6876","title":{"rendered":"Cuba env\u00eda brigada de 500 m\u00e9dicos a la provincia de Buenos Aires"},"content":{"rendered":"\n<p><strong>A pedido de la provincia de Buenos Aires, Cuba enviar\u00e1 unos 500 m\u00e9dicos a distintos hospitales para colaborar en la contenci\u00f3n de la pandemia del coronavirus.<\/strong>\u00a0Se trata en su mayor\u00eda de emergent\u00f3logos y terapistas que llegar\u00e1n en los primeros d\u00edas de abril que auxiliar\u00e1n en distintas instituciones m\u00e9dicas al sistema sanitario bonaerense de cara a una eventual expansi\u00f3n del Covid 19. <\/p>\n\n\n\n<p>La llegada de los 500 m\u00e9dicos cubanos fue notificada por el ministro de salud bonaerense,&nbsp;<strong>Daniel Goll\u00e1n<\/strong>, al presidente&nbsp;<strong>Alberto Fern\u00e1ndez<\/strong>&nbsp;y a los intendentes del conurbano en el encuentro celebrado el lunes en la Quinta de Olivos.&nbsp;<strong>Cuba ya envi\u00f3 incluso profesionales de la salud a pa\u00edses desarrollados afectados por la pandemia como Italia.<\/strong>&nbsp;El domingo pasado llegaron a la regi\u00f3n de Lombard\u00eda 53 m\u00e9dicos para auxiliar en el desborde del sistema de atenci\u00f3n en el epicentro del virus en Italia.<\/p>\n\n\n\n<p><strong>El gobierno de Axel Kicillof a\u00fan no defini\u00f3 en qu\u00e9 hospitales estar\u00e1n asignados los m\u00e9dicos cubanos pero fuentes del gobierno bonaerense aclararon que no se trata de infect\u00f3logos sino de terapistas y emergent\u00f3logos que estar\u00e1n trabajando en los casos m\u00e1s cr\u00edticos ya diagnosticados.<\/strong>&nbsp;En la reuni\u00f3n del lunes en Olivos surgi\u00f3 un primer roce entre la Ciudad de Buenos Aires y la provincia. Un intendente plante\u00f3 que, a partir de los mejores sueldos que paga la Capital Federal a los m\u00e9dicos, gran parte de los profesionales calificados de la provincia son contratados por los hospitales porte\u00f1os.&nbsp;<strong>Ese desfasaje salarial genera un d\u00e9ficit de personal en la provincia m\u00e1s poblada del pa\u00eds que debi\u00f3 salir a buscar el auxilio de m\u00e9dicos cubanos.<\/strong><\/p>\n\n\n\n<p>La disputa salarial entre la Ciudad y Buenos Aires no es el \u00fanico conflicto sanitario que complica operativamente a ambas jurisdicciones. El 50% de las consultas que recibe el sistema hospitalario porte\u00f1o viene de la provincia de Buenos Aires y el 30% de las internaciones tambi\u00e9n son de pacientes bonaerenses. Por eso&nbsp;<strong>Goll\u00e1n anticip\u00f3 que agregar\u00e1n 1.000 unidades de terapia intensiva adem\u00e1s de las 18 mil camas no hospitalarias que ya se desplegaron en la provincia.<\/strong><\/p>\n\n\n\n<p><strong>En la reuni\u00f3n del lunes en Olivos tuvo una activa participaci\u00f3n Sergio Berni.<\/strong>&nbsp;El ministro de Seguridad de Kicillof hizo dos propuestas. La primera fue acotar el horario de atenci\u00f3n de los supermercados. El funcionario sugiri\u00f3 que funcionen s\u00f3lo por la ma\u00f1ana o s\u00f3lo por la tarde para hacer m\u00e1s efectiva la restricci\u00f3n de circulaci\u00f3n y controlar mejor el aislamiento.&nbsp;<strong>El Presidente mostr\u00f3 aceptaci\u00f3n a la medida y prometi\u00f3 estudiarla para comenzar a implementarla si se extiende la&nbsp;<a href=\"https:\/\/www.ambito.com\/cuarentena-a5127965\">cuarentena<\/a>.<\/strong>&nbsp;Pero Berni tambi\u00e9n pidi\u00f3 mayor severidad a la hora de restringir el transporte p\u00fablico, posibilidad que fue desechada por Alberto Fern\u00e1ndez teniendo en cuenta que el nivel de viajes se redujo dr\u00e1sticamente a pesar de las excepciones para circular.<\/p>\n\n\n\n<p>En medio de la crisis sanitaria hubo sin embargo un noticia positiva para la Casa Rosada. De acuerdo a una encuesta de la consultora Aurelio,&nbsp;<strong>la imagen positiva de Alberto Fern\u00e1ndez trep\u00f3 al 80% y en la regi\u00f3n metropolitana se registra un 90% de aceptaci\u00f3n a las medidas de aislamiento social obligatorio dispuestas por el Gobierno nacional.<\/strong>&nbsp;Adem\u00e1s, 7 de cada 10 votantes de Cambiemos se mostr\u00f3 a favor de las decisiones tomadas por el Presidente.<\/p>\n\n\n\n<h3 class=\"wp-block-heading\">Temas<\/h3>\n","protected":false},"excerpt":{"rendered":"<p>A pedido de la provincia de Buenos Aires, Cuba enviar\u00e1 unos 500 m\u00e9dicos a distintos..<\/p>\n","protected":false},"author":2,"featured_media":6877,"comment_status":"open","ping_status":"open","sticky":false,"template":"","format":"standard","meta":{"footnotes":""},"categories":[2,19],"tags":[714,316,713,715,164],"class_list":["post-6876","post","type-post","status-publish","format-standard","has-post-thumbnail","hentry","category-provincia","category-salud","tag-500-medicos","tag-axel-kicillof","tag-cuba","tag-envia-brigada","tag-provincia-de-buenos-aires"],"_links":{"self":[{"href":"https:\/\/noticiasrec.com\/index.php?rest_route=\/wp\/v2\/posts\/6876","targetHints":{"allow":["GET"]}}],"collection":[{"href":"https:\/\/noticiasrec.com\/index.php?rest_route=\/wp\/v2\/posts"}],"about":[{"href":"https:\/\/noticiasrec.com\/index.php?rest_route=\/wp\/v2\/types\/post"}],"author":[{"embeddable":true,"href":"https:\/\/noticiasrec.com\/index.php?rest_route=\/wp\/v2\/users\/2"}],"replies":[{"embeddable":true,"href":"https:\/\/noticiasrec.com\/index.php?rest_route=%2Fwp%2Fv2%2Fcomments&post=6876"}],"version-history":[{"count":1,"href":"https:\/\/noticiasrec.com\/index.php?rest_route=\/wp\/v2\/posts\/6876\/revisions"}],"predecessor-version":[{"id":6878,"href":"https:\/\/noticiasrec.com\/index.php?rest_route=\/wp\/v2\/posts\/6876\/revisions\/6878"}],"wp:featuredmedia":[{"embeddable":true,"href":"https:\/\/noticiasrec.com\/index.php?rest_route=\/wp\/v2\/media\/6877"}],"wp:attachment":[{"href":"https:\/\/noticiasrec.com\/index.php?rest_route=%2Fwp%2Fv2%2Fmedia&parent=6876"}],"wp:term":[{"taxonomy":"category","embeddable":true,"href":"https:\/\/noticiasrec.com\/index.php?rest_route=%2Fwp%2Fv2%2Fcategories&post=6876"},{"taxonomy":"post_tag","embeddable":true,"href":"https:\/\/noticiasrec.com\/index.php?rest_route=%2Fwp%2Fv2%2Ftags&post=6876"}],"curies":[{"name":"wp","href":"https:\/\/api.w.org\/{rel}","templated":true}]}}