{"id":6873,"date":"2020-03-25T13:47:03","date_gmt":"2020-03-25T13:47:03","guid":{"rendered":"http:\/\/noticiasrec.com\/?p=6873"},"modified":"2020-03-25T13:47:03","modified_gmt":"2020-03-25T13:47:03","slug":"san-miguel-los-detuvieron-por-comer-un-asado-en-una-plaza-en-plena-cuarentena","status":"publish","type":"post","link":"https:\/\/noticiasrec.com\/?p=6873","title":{"rendered":"San Miguel: Los detuvieron por comer un asado en una plaza en plena cuarentena"},"content":{"rendered":"\n<p>\n\nEn un operativo conjunto entre la Polic\u00eda Municipal, la Polic\u00eda Bonaerense y la Gendarmer\u00eda Nacional, que se encontraban en recorrida preventiva por el Aislamiento Social Obligatorio dispuesto por el Poder Ejecutivo Nacional, se procedi\u00f3 a la detenci\u00f3n de cuatro hombres que estaban comiendo un asado en una plaza p\u00fablica, violando la cuarentena en una clara infracci\u00f3n al art\u00edculo 205 y 239 del C\u00f3digo Penal.<\/p>\n\n\n\n<p>Una vez aprehendidos, fueron trasladados a la Comisar\u00eda 2da de Bella Vista, donde se labraron las actuaciones correspondientes y, de acuerdo a lo dispuesto por el Art\u00edculo 280 del C\u00f3digo Penal, fueron liberados y puestos a disposici\u00f3n de la Justicia. La causa qued\u00f3 a cargo de la intervenci\u00f3n del Juzgado Federal N\u00ba 1 de San Mart\u00edn\n\n<\/p>\n","protected":false},"excerpt":{"rendered":"<p>En un operativo conjunto entre la Polic\u00eda Municipal, la Polic\u00eda Bonaerense y la Gendarmer\u00eda Nacional,..<\/p>\n","protected":false},"author":2,"featured_media":6874,"comment_status":"open","ping_status":"open","sticky":false,"template":"","format":"standard","meta":{"footnotes":""},"categories":[3,18,8],"tags":[711,712,709,710,57],"class_list":["post-6873","post","type-post","status-publish","format-standard","has-post-thumbnail","hentry","category-municipios","category-policiales","category-san-miguel","tag-asado-en-una-plaza","tag-cuarentena","tag-detencion","tag-policia-municipal","tag-san-miguel"],"_links":{"self":[{"href":"https:\/\/noticiasrec.com\/index.php?rest_route=\/wp\/v2\/posts\/6873","targetHints":{"allow":["GET"]}}],"collection":[{"href":"https:\/\/noticiasrec.com\/index.php?rest_route=\/wp\/v2\/posts"}],"about":[{"href":"https:\/\/noticiasrec.com\/index.php?rest_route=\/wp\/v2\/types\/post"}],"author":[{"embeddable":true,"href":"https:\/\/noticiasrec.com\/index.php?rest_route=\/wp\/v2\/users\/2"}],"replies":[{"embeddable":true,"href":"https:\/\/noticiasrec.com\/index.php?rest_route=%2Fwp%2Fv2%2Fcomments&post=6873"}],"version-history":[{"count":1,"href":"https:\/\/noticiasrec.com\/index.php?rest_route=\/wp\/v2\/posts\/6873\/revisions"}],"predecessor-version":[{"id":6875,"href":"https:\/\/noticiasrec.com\/index.php?rest_route=\/wp\/v2\/posts\/6873\/revisions\/6875"}],"wp:featuredmedia":[{"embeddable":true,"href":"https:\/\/noticiasrec.com\/index.php?rest_route=\/wp\/v2\/media\/6874"}],"wp:attachment":[{"href":"https:\/\/noticiasrec.com\/index.php?rest_route=%2Fwp%2Fv2%2Fmedia&parent=6873"}],"wp:term":[{"taxonomy":"category","embeddable":true,"href":"https:\/\/noticiasrec.com\/index.php?rest_route=%2Fwp%2Fv2%2Fcategories&post=6873"},{"taxonomy":"post_tag","embeddable":true,"href":"https:\/\/noticiasrec.com\/index.php?rest_route=%2Fwp%2Fv2%2Ftags&post=6873"}],"curies":[{"name":"wp","href":"https:\/\/api.w.org\/{rel}","templated":true}]}}