{"id":6862,"date":"2020-03-17T20:06:19","date_gmt":"2020-03-17T20:06:19","guid":{"rendered":"http:\/\/noticiasrec.com\/?p=6862"},"modified":"2020-03-17T20:06:19","modified_gmt":"2020-03-17T20:06:19","slug":"san-miguel-declara-la-emergencia-sanitaria-por-el-coronavirus","status":"publish","type":"post","link":"https:\/\/noticiasrec.com\/?p=6862","title":{"rendered":"San Miguel declara la emergencia sanitaria por el coronavirus"},"content":{"rendered":"\n<p>\n\nTeniendo en cuenta la propagaci\u00f3n acelerada a nivel mundial del virus COVID-19, denominado coronavirus, y la reciente declaraci\u00f3n de pandemia por parte de la Organizaci\u00f3n Mundial de la Salud, la Municipalidad de San Miguel tambi\u00e9n ha declarado la emergencia sanitaria en el distrito, en consonancia con lo dispuesto por los gobiernos de la Provincia y la Naci\u00f3n.<\/p>\n\n\n\n<p>La medida, que tiene una vigencia de 180 d\u00edas, fue suscripta por el intendente Jaime M\u00e9ndez a trav\u00e9s de un decreto que establece distintas regulaciones a nivel local, sujetas a ser modificadas con el correr de los d\u00edas, a fin de contrarrestar el riesgo de contagio y proteger a todos los vecinos.<\/p>\n\n\n\n<p>En este marco, se suspende por 30 d\u00edas todo tipo de evento, acto, reuni\u00f3n o acontecimiento que implique la congregaci\u00f3n de m\u00e1s de 200 personas. Se cancelan las actividades de las Escuelas Deportivas, Centros Culturales, Polideportivos Municipales y Centros de Desarrollo Infanto Familiar.<\/p>\n\n\n\n<p>Asimismo, se dispone la suspensi\u00f3n de actividades en boliches bailables y en el bingo. Y se insta a bancos, locales gastron\u00f3micos, establecimientos religiosos, oficinas estatales o privadas con atenci\u00f3n al p\u00fablico y a toda actividad comercial, a evitar la conglomeraci\u00f3n de p\u00fablico y extremar las medidas de higiene pertinentes.<\/p>\n\n\n\n<p>En consonancia con lo dispuesto a nivel nacional, se establece una licencia a todo el personal municipal mayor de 60 a\u00f1os, al ser un grupo etario con mayor riesgo de contagio. Por otro lado, se limita s\u00f3lo a tr\u00e1mites urgentes la atenci\u00f3n al p\u00fablico en dependencias municipales, solicitando a los vecinos realizarlos en forma online.<\/p>\n\n\n\n<p>\u201cEstamos ante una situaci\u00f3n que requiere nuestro m\u00e1ximo compromiso, y en ese sentido generamos estas medidas. Si actuamos de acuerdo a las recomendaciones de los especialistas, seguramente ayudaremos a mitigar la propagaci\u00f3n del virus. Es muy importante que nos cuidemos entre todos\u201d, expres\u00f3 el intendente Jaime M\u00e9ndez.<\/p>\n\n\n\n<p>Con este objetivo, el jefe comunal instruy\u00f3 a las secretar\u00edas competentes del gobierno municipal a implementar las medidas necesarias en cuanto a la movilizaci\u00f3n de los recursos humanos y materiales para el cumplimiento de estas disposiciones.<\/p>\n\n\n\n<p>Por \u00faltimo, se exhorta a la poblaci\u00f3n a respetar la cuarenta obligatoria de 14 d\u00edas para viajeros provenientes de zonas de transmisi\u00f3n, y a cumplir las medidas de higiene necesarias como lavado de manos, desinfecci\u00f3n de superficies y ventilaci\u00f3n de ambientes. Se recuerda, asimismo, que en caso de presentar s\u00edntomas el vecino debe comunicarse inmediatamente al 148.\n\n<\/p>\n","protected":false},"excerpt":{"rendered":"<p>Teniendo en cuenta la propagaci\u00f3n acelerada a nivel mundial del virus COVID-19, denominado coronavirus, y..<\/p>\n","protected":false},"author":2,"featured_media":6863,"comment_status":"open","ping_status":"open","sticky":false,"template":"","format":"standard","meta":{"footnotes":""},"categories":[3,19,8],"tags":[707,706,55,708,57],"class_list":["post-6862","post","type-post","status-publish","format-standard","has-post-thumbnail","hentry","category-municipios","category-salud","category-san-miguel","tag-coronavirus","tag-emergencia-sanitaria","tag-jaime-mendez","tag-municipalidad","tag-san-miguel"],"_links":{"self":[{"href":"https:\/\/noticiasrec.com\/index.php?rest_route=\/wp\/v2\/posts\/6862","targetHints":{"allow":["GET"]}}],"collection":[{"href":"https:\/\/noticiasrec.com\/index.php?rest_route=\/wp\/v2\/posts"}],"about":[{"href":"https:\/\/noticiasrec.com\/index.php?rest_route=\/wp\/v2\/types\/post"}],"author":[{"embeddable":true,"href":"https:\/\/noticiasrec.com\/index.php?rest_route=\/wp\/v2\/users\/2"}],"replies":[{"embeddable":true,"href":"https:\/\/noticiasrec.com\/index.php?rest_route=%2Fwp%2Fv2%2Fcomments&post=6862"}],"version-history":[{"count":1,"href":"https:\/\/noticiasrec.com\/index.php?rest_route=\/wp\/v2\/posts\/6862\/revisions"}],"predecessor-version":[{"id":6864,"href":"https:\/\/noticiasrec.com\/index.php?rest_route=\/wp\/v2\/posts\/6862\/revisions\/6864"}],"wp:featuredmedia":[{"embeddable":true,"href":"https:\/\/noticiasrec.com\/index.php?rest_route=\/wp\/v2\/media\/6863"}],"wp:attachment":[{"href":"https:\/\/noticiasrec.com\/index.php?rest_route=%2Fwp%2Fv2%2Fmedia&parent=6862"}],"wp:term":[{"taxonomy":"category","embeddable":true,"href":"https:\/\/noticiasrec.com\/index.php?rest_route=%2Fwp%2Fv2%2Fcategories&post=6862"},{"taxonomy":"post_tag","embeddable":true,"href":"https:\/\/noticiasrec.com\/index.php?rest_route=%2Fwp%2Fv2%2Ftags&post=6862"}],"curies":[{"name":"wp","href":"https:\/\/api.w.org\/{rel}","templated":true}]}}