{"id":6856,"date":"2020-03-17T19:49:06","date_gmt":"2020-03-17T19:49:06","guid":{"rendered":"http:\/\/noticiasrec.com\/?p=6856"},"modified":"2020-03-17T19:49:06","modified_gmt":"2020-03-17T19:49:06","slug":"el-gobernador-kicillof-junto-al-intendente-ishii-abrieron-el-primer-centro-contra-coronavirus-en-jose-c-paz","status":"publish","type":"post","link":"https:\/\/noticiasrec.com\/?p=6856","title":{"rendered":"El Gobernador Kicillof junto al Intendente ishii abrieron  el primer centro contra Coronavirus en Jos\u00e9 C. Paz"},"content":{"rendered":"\n<p>El nuevo Centro de Emergencia para la Pandemia Coronavirus del Hospital Rub\u00e9n \u00abCacho\u00bb Capoletti de Jos\u00e9 C. Paz, contar\u00e1 con 10 camas de terapia intensiva y otras 25 para cuidados progresivos.<br><br>\u201cHay que prepararse de todas las maneras posibles para enfrentar la pandemia\u201d, se\u00f1al\u00f3 Kicillof acompa\u00f1ado por el ministro de Salud provincial, Daniel Goll\u00e1n, y el secretario de Hospitales del municipio de Jos\u00e9 C Paz, Sebasti\u00e1n Caro. Las autoridades recorrieron las instalaciones, provistas con la tecnolog\u00eda para atender a los pacientes que necesiten ingresar a terapia intensiva.<br><br>\u201cVenimos trabajando intensamente con todos los intendentes de la Provincia, viendo c\u00f3mo podemos atender esta emergencia que en otros pa\u00edses se ha atendido con demora\u201d, asegur\u00f3 el Gobernador y expres\u00f3 que \u201cbuscamos ampliar la capacidad de los hospitales y la prevenci\u00f3n, usando los recursos, esfuerzos y el trabajo del Estado\u201d.<br><br>En este sentido, remarc\u00f3 que \u201cestamos trabajando de manera incansable desde el primer d\u00eda\u201d y asegur\u00f3: \u201cTomar medidas preventivas puede ser una decisi\u00f3n individual pero tambi\u00e9n son medidas solidarias para con los dem\u00e1s. Por eso, hay que cambiar las conductas\u201d.<br><br>Se\u00f1al\u00f3 adem\u00e1s que \u201cel Gobierno de la provincia de Buenos Aires va a coordinar todas las acciones con el Gobierno Nacional, esta situaci\u00f3n pone a prueba la importancia que tiene el Estado, para llevar calma y dar respuestas. La Provincia tiene 135 municipios y la clave es actuar coordinadamente, con seriedad, por eso hoy estamos gestionando camas nuevas para la atenci\u00f3n del coronavirus y trabajando en la prevenci\u00f3n\u201d.<br><br>Por otra parte, el Ministerio de Salud provincial confeccion\u00f3 un protocolo de acci\u00f3n para los hospitales bonaerenses y se est\u00e1 generando una doble circulaci\u00f3n de ingreso para separar los pacientes febriles respiratorios de los que demandan consultas generales. Adem\u00e1s, la Provincia cuenta con el n\u00famero de atenci\u00f3n ciudadana 148 para responder consultas las 24 hs. de quienes tienen s\u00edntomas o dudas sobre coronavirus.<br><br><\/p>\n","protected":false},"excerpt":{"rendered":"<p>El nuevo Centro de Emergencia para la Pandemia Coronavirus del Hospital Rub\u00e9n \u00abCacho\u00bb Capoletti de..<\/p>\n","protected":false},"author":2,"featured_media":6857,"comment_status":"open","ping_status":"open","sticky":false,"template":"","format":"standard","meta":{"footnotes":""},"categories":[10,3,19],"tags":[704,60,703],"class_list":["post-6856","post","type-post","status-publish","format-standard","has-post-thumbnail","hentry","category-jose-c-paz","category-municipios","category-salud","tag-gobernador-kicillof","tag-jose-c-paz","tag-primer-centro-contra-coronavirus"],"_links":{"self":[{"href":"https:\/\/noticiasrec.com\/index.php?rest_route=\/wp\/v2\/posts\/6856","targetHints":{"allow":["GET"]}}],"collection":[{"href":"https:\/\/noticiasrec.com\/index.php?rest_route=\/wp\/v2\/posts"}],"about":[{"href":"https:\/\/noticiasrec.com\/index.php?rest_route=\/wp\/v2\/types\/post"}],"author":[{"embeddable":true,"href":"https:\/\/noticiasrec.com\/index.php?rest_route=\/wp\/v2\/users\/2"}],"replies":[{"embeddable":true,"href":"https:\/\/noticiasrec.com\/index.php?rest_route=%2Fwp%2Fv2%2Fcomments&post=6856"}],"version-history":[{"count":1,"href":"https:\/\/noticiasrec.com\/index.php?rest_route=\/wp\/v2\/posts\/6856\/revisions"}],"predecessor-version":[{"id":6858,"href":"https:\/\/noticiasrec.com\/index.php?rest_route=\/wp\/v2\/posts\/6856\/revisions\/6858"}],"wp:featuredmedia":[{"embeddable":true,"href":"https:\/\/noticiasrec.com\/index.php?rest_route=\/wp\/v2\/media\/6857"}],"wp:attachment":[{"href":"https:\/\/noticiasrec.com\/index.php?rest_route=%2Fwp%2Fv2%2Fmedia&parent=6856"}],"wp:term":[{"taxonomy":"category","embeddable":true,"href":"https:\/\/noticiasrec.com\/index.php?rest_route=%2Fwp%2Fv2%2Fcategories&post=6856"},{"taxonomy":"post_tag","embeddable":true,"href":"https:\/\/noticiasrec.com\/index.php?rest_route=%2Fwp%2Fv2%2Ftags&post=6856"}],"curies":[{"name":"wp","href":"https:\/\/api.w.org\/{rel}","templated":true}]}}