{"id":6843,"date":"2020-03-09T14:08:40","date_gmt":"2020-03-09T14:08:40","guid":{"rendered":"http:\/\/noticiasrec.com\/?p=6843"},"modified":"2020-03-09T14:08:40","modified_gmt":"2020-03-09T14:08:40","slug":"reunion-de-trabajo-en-la-rosada-entre-alberto-fernandez-y-mario-ishii","status":"publish","type":"post","link":"https:\/\/noticiasrec.com\/?p=6843","title":{"rendered":"Reuni\u00f3n de trabajo en la Rosada entre Alberto Fernandez y Mario Ishii"},"content":{"rendered":"\n<p>\n\nEl intendente de Jos\u00e9 C. Paz, Mario Ishii, se reuni\u00f3 en Casa Rosada con el presidente de la Naci\u00f3n, Alberto Fern\u00e1ndez, para abordar temas provinciales y dialogar sobre la situaci\u00f3n actual que aquejan a los municipios.<\/p>\n\n\n\n<p>En esta ocasi\u00f3n, Ishii y Fern\u00e1ndez compartieron un almuerzo y reuni\u00f3n de trabajo. \u00abAgradezco a Alberto por recibirme y por compartir su mirada sobre el panorama nacional, en el que seguiremos trabajando en conjunto\u00bb, afirm\u00f3 el intendente luego de la reuni\u00f3n, en la que tambi\u00e9n recordaron el legado de N\u00e9stor Kirchner.<\/p>\n\n\n\n<p><\/p>\n","protected":false},"excerpt":{"rendered":"<p>El intendente de Jos\u00e9 C. Paz, Mario Ishii, se reuni\u00f3 en Casa Rosada con el..<\/p>\n","protected":false},"author":2,"featured_media":6844,"comment_status":"open","ping_status":"open","sticky":false,"template":"","format":"standard","meta":{"footnotes":""},"categories":[10,31,4],"tags":[700,60,62,699],"class_list":["post-6843","post","type-post","status-publish","format-standard","has-post-thumbnail","hentry","category-jose-c-paz","category-nacionales","category-politica","tag-alberto-fernandez","tag-jose-c-paz","tag-mario-ishii","tag-reunion-de-trabajo-en-la-rosada"],"_links":{"self":[{"href":"https:\/\/noticiasrec.com\/index.php?rest_route=\/wp\/v2\/posts\/6843","targetHints":{"allow":["GET"]}}],"collection":[{"href":"https:\/\/noticiasrec.com\/index.php?rest_route=\/wp\/v2\/posts"}],"about":[{"href":"https:\/\/noticiasrec.com\/index.php?rest_route=\/wp\/v2\/types\/post"}],"author":[{"embeddable":true,"href":"https:\/\/noticiasrec.com\/index.php?rest_route=\/wp\/v2\/users\/2"}],"replies":[{"embeddable":true,"href":"https:\/\/noticiasrec.com\/index.php?rest_route=%2Fwp%2Fv2%2Fcomments&post=6843"}],"version-history":[{"count":1,"href":"https:\/\/noticiasrec.com\/index.php?rest_route=\/wp\/v2\/posts\/6843\/revisions"}],"predecessor-version":[{"id":6845,"href":"https:\/\/noticiasrec.com\/index.php?rest_route=\/wp\/v2\/posts\/6843\/revisions\/6845"}],"wp:featuredmedia":[{"embeddable":true,"href":"https:\/\/noticiasrec.com\/index.php?rest_route=\/wp\/v2\/media\/6844"}],"wp:attachment":[{"href":"https:\/\/noticiasrec.com\/index.php?rest_route=%2Fwp%2Fv2%2Fmedia&parent=6843"}],"wp:term":[{"taxonomy":"category","embeddable":true,"href":"https:\/\/noticiasrec.com\/index.php?rest_route=%2Fwp%2Fv2%2Fcategories&post=6843"},{"taxonomy":"post_tag","embeddable":true,"href":"https:\/\/noticiasrec.com\/index.php?rest_route=%2Fwp%2Fv2%2Ftags&post=6843"}],"curies":[{"name":"wp","href":"https:\/\/api.w.org\/{rel}","templated":true}]}}