{"id":6832,"date":"2020-02-04T20:38:25","date_gmt":"2020-02-04T20:38:25","guid":{"rendered":"http:\/\/noticiasrec.com\/?p=6832"},"modified":"2020-02-04T20:38:25","modified_gmt":"2020-02-04T20:38:25","slug":"operativo-tarjeta-alimentar-en-jose-c-paz","status":"publish","type":"post","link":"https:\/\/noticiasrec.com\/?p=6832","title":{"rendered":"Operativo Tarjeta AlimentAR en Jos\u00e9 C. Paz"},"content":{"rendered":"\n<p>La Municipalidad de Jos\u00e9 C. Paz llevar\u00e1 a cabo el operativo de entrega de las \u201cTarjeta AlimentAR\u201d?, desde este lunes 3 al viernes 7 de febrero, entre las \u23f007:00 y 14:00 horas, en la sede Unpaz de Alem 4593 y Pueyrred\u00f3n. Consulte aqu\u00ed el padr\u00f3n ?<a rel=\"noreferrer noopener\" href=\"https:\/\/tarjetaalimentaria.argentina.gob.ar\/?fbclid=IwAR33pXjhnxCcZuJMr9l0myoVfbVTvHDdGXrG78HWgPemfWoKFKDE10odQeQ\" target=\"_blank\">https:\/\/tarjetaalimentaria.argentina.gob.ar\/<\/a><\/p>\n\n\n\n<p>Los beneficiarios ser\u00e1n aquellas personas que se encuentran percibiendo AUH (Asignaci\u00f3n Universal por Hijo) por tener a su cargo personas con discapacidad, ni\u00f1os de 0 a 6 a\u00f1os y\/o que perciban la asignaci\u00f3n por embarazo. En ning\u00fan distrito del pa\u00eds se est\u00e1n realizando inscripciones ni se est\u00e1n tramitando tarjetas que no hayan sido asignadas a partir del cruce de datos de ANSES y la AUH.<\/p>\n\n\n\n<p>Las personas que pueden retirar la tarjeta ser\u00e1n notificadas a trav\u00e9s e-mail o SMS a los n\u00fameros de tel\u00e9fonos que se encuentran registrados en las bases de ANSES, en ellos les informaran que el d\u00eda y la franja horaria a presentarse. Y solo requerir\u00e1 presentarse la titular con su DNI original la entrega la efectuar\u00e1 el Banco de la Provincia de Buenos, en el mismo operativo. De ser posible se pide NO ir acompa\u00f1ados de ni\u00f1os, por posibles d\u00edas de mucho calor.<\/p>\n\n\n\n<p>Una vez que el titular retire la tarjeta la misma se encontrar\u00e1 habilitada y para su uso en los comercios que cuente con servicio posnet y para la compra de todo tipo de alimentos, MENOS bebidas alcoh\u00f3licas y NO se podr\u00e1 extraer dinero en efectivo. Los comercios no pueden cobrar ning\u00fan recargo por el pago con esta tarjeta y no es necesario que gastes todo en una sola compra.<\/p>\n\n\n\n<p>El importe que podr\u00e1n comprar va desde $ 4.000 para personas con un hijo de $ 6.000 con dos o m\u00e1s hijos, la acreditaci\u00f3n se har\u00e1 el tercer viernes de cada mes de forma autom\u00e1tica.<\/p>\n\n\n\n<p>La \u201cTarjeta AlimentAR\u201d es un componente del Plan Nacional Argentina Contra El Hambre del Ministerio de Desarrollo Social de la Naci\u00f3n y esta pol\u00edtica no reemplaza ning\u00fan programa existente. Es un refuerzo alimentario complementario.<\/p>\n","protected":false},"excerpt":{"rendered":"<p>La Municipalidad de Jos\u00e9 C. Paz llevar\u00e1 a cabo el operativo de entrega de las..<\/p>\n","protected":false},"author":2,"featured_media":6833,"comment_status":"open","ping_status":"open","sticky":false,"template":"","format":"standard","meta":{"footnotes":""},"categories":[10,3],"tags":[694,693,60,545,692,180],"class_list":["post-6832","post","type-post","status-publish","format-standard","has-post-thumbnail","hentry","category-jose-c-paz","category-municipios","tag-auh","tag-entrega","tag-jose-c-paz","tag-operativo","tag-tarjeta-alimentar","tag-unpaz"],"_links":{"self":[{"href":"https:\/\/noticiasrec.com\/index.php?rest_route=\/wp\/v2\/posts\/6832","targetHints":{"allow":["GET"]}}],"collection":[{"href":"https:\/\/noticiasrec.com\/index.php?rest_route=\/wp\/v2\/posts"}],"about":[{"href":"https:\/\/noticiasrec.com\/index.php?rest_route=\/wp\/v2\/types\/post"}],"author":[{"embeddable":true,"href":"https:\/\/noticiasrec.com\/index.php?rest_route=\/wp\/v2\/users\/2"}],"replies":[{"embeddable":true,"href":"https:\/\/noticiasrec.com\/index.php?rest_route=%2Fwp%2Fv2%2Fcomments&post=6832"}],"version-history":[{"count":1,"href":"https:\/\/noticiasrec.com\/index.php?rest_route=\/wp\/v2\/posts\/6832\/revisions"}],"predecessor-version":[{"id":6834,"href":"https:\/\/noticiasrec.com\/index.php?rest_route=\/wp\/v2\/posts\/6832\/revisions\/6834"}],"wp:featuredmedia":[{"embeddable":true,"href":"https:\/\/noticiasrec.com\/index.php?rest_route=\/wp\/v2\/media\/6833"}],"wp:attachment":[{"href":"https:\/\/noticiasrec.com\/index.php?rest_route=%2Fwp%2Fv2%2Fmedia&parent=6832"}],"wp:term":[{"taxonomy":"category","embeddable":true,"href":"https:\/\/noticiasrec.com\/index.php?rest_route=%2Fwp%2Fv2%2Fcategories&post=6832"},{"taxonomy":"post_tag","embeddable":true,"href":"https:\/\/noticiasrec.com\/index.php?rest_route=%2Fwp%2Fv2%2Ftags&post=6832"}],"curies":[{"name":"wp","href":"https:\/\/api.w.org\/{rel}","templated":true}]}}