{"id":6829,"date":"2020-02-03T20:25:29","date_gmt":"2020-02-03T20:25:29","guid":{"rendered":"http:\/\/noticiasrec.com\/?p=6829"},"modified":"2020-02-03T20:25:29","modified_gmt":"2020-02-03T20:25:29","slug":"ishii-y-galmarini-firmaron-un-convenio-para-dar-agua-y-cloacas-a-jose-c-paz","status":"publish","type":"post","link":"https:\/\/noticiasrec.com\/?p=6829","title":{"rendered":"Ishii y Galmarini firmaron un convenio para dar agua y cloacas a Jos\u00e9 C. Paz."},"content":{"rendered":"\n<p>El intendente de Jos\u00e9 C. Paz Mario Ishii , y la presidenta de <a href=\"https:\/\/www.facebook.com\/AySA.Argentina\/?__tn__=K-R&amp;eid=ARD8TJqNWg0l_BDGYqN09AYiqJnZC2VgckkFD6YbDJNYzuyqsqnzrVhYu5Txv03rZ7SCcTIFE8w4G07k&amp;fref=mentions&amp;__xts__%5B0%5D=68.ARBrMuL5OJEWzAFJa5duJGHLPw8JPeIuIMMMQkTAkizG6MEdYhlgJFkTLCXU9HGUzQGzex2Gggg43EJg5Ua3U-XLUeJomFuNmoWXqhoL7ATFbyTo0IokIs62TRsJG_SBXqQMLZtzR7dq82NolwAmaRtglpPiCId5-XTI_Ytzs1tugGN08ySgZ0AlgTnC5jBV_8hBLZVovPNU4RPQeO75oLon7dkkVIuHpn6AlTRZB6gzwrVRPGOPcaXMKz8il-2nom-q07XcIRAGMmTGszNNCKKZ-lpyaEALHEfIXgPStfPNxF_4eBMRXq-5C7mAOmDkcpRZ4ZnnOmUdLgkcEql4YsDFHQ\">AySA S.A.<\/a>, Malena Galmarini, firmaron un importante convenio para realizar obras que beneficiar\u00e1n a los pace\u00f1os con agua potable corriente y cloacas.<\/p>\n\n\n\n<p>En una reuni\u00f3n realizada en el despacho del intendente Ishii, el municipio adhiri\u00f3 al Plan AySA Agua\/Cloaca m\u00e1s Trabajo, que permitir\u00e1 llevar adelante en forma m\u00e1s r\u00e1pida y menos burocr\u00e1tica estas obras tan necesarias para el distrito.<\/p>\n\n\n\n<p>Junto a Ishii y a Galmarini estuvieron presentes importantes funcionarios dado lo vital que es este plan para todo el Conurbano. Entre ellos se destacaron la presencia del secretario general de la Gobernaci\u00f3n de la Provincia de Buenos Aires Dr. Federico Thea; y el diputado provincial por la Primera Secci\u00f3n electoral, Jos\u00e9 P\u00e9rez, el director gubernamental de Aysa Mario Russo y el director general Operativo de Aysa Alberto Freire.<\/p>\n\n\n\n<p>Tambi\u00e9n estuvieron presentes acompa\u00f1ando a Mario Ishii y Malena Galmarini, el jefe de Gabinete del municipio, Gast\u00f3n Y\u00e1\u00f1ez;el secretario de Acci\u00f3n Directa Pablo Mansilla, el secretario de Obras y Servicios P\u00fablicos de Jos\u00e9 C. Paz, Roberto Caggiano; el subsecretario de Proyectos Especiales, Ignacio Delgado; el director de Agua y Saneamiento Ambiental de la Municipalidad, Nelson Galeano; y el director de Proyectos Especiales, Guillermo Mirada.<\/p>\n","protected":false},"excerpt":{"rendered":"<p>El intendente de Jos\u00e9 C. Paz Mario Ishii , y la presidenta de AySA S.A.,..<\/p>\n","protected":false},"author":2,"featured_media":6830,"comment_status":"open","ping_status":"open","sticky":false,"template":"","format":"standard","meta":{"footnotes":""},"categories":[10,3],"tags":[139,691,60,689,62,690],"class_list":["post-6829","post","type-post","status-publish","format-standard","has-post-thumbnail","hentry","category-jose-c-paz","category-municipios","tag-convenio","tag-dar-agua-y-cloacas","tag-jose-c-paz","tag-malena-galmarini","tag-mario-ishii","tag-presidenta-de-aysa-s-a"],"_links":{"self":[{"href":"https:\/\/noticiasrec.com\/index.php?rest_route=\/wp\/v2\/posts\/6829","targetHints":{"allow":["GET"]}}],"collection":[{"href":"https:\/\/noticiasrec.com\/index.php?rest_route=\/wp\/v2\/posts"}],"about":[{"href":"https:\/\/noticiasrec.com\/index.php?rest_route=\/wp\/v2\/types\/post"}],"author":[{"embeddable":true,"href":"https:\/\/noticiasrec.com\/index.php?rest_route=\/wp\/v2\/users\/2"}],"replies":[{"embeddable":true,"href":"https:\/\/noticiasrec.com\/index.php?rest_route=%2Fwp%2Fv2%2Fcomments&post=6829"}],"version-history":[{"count":1,"href":"https:\/\/noticiasrec.com\/index.php?rest_route=\/wp\/v2\/posts\/6829\/revisions"}],"predecessor-version":[{"id":6831,"href":"https:\/\/noticiasrec.com\/index.php?rest_route=\/wp\/v2\/posts\/6829\/revisions\/6831"}],"wp:featuredmedia":[{"embeddable":true,"href":"https:\/\/noticiasrec.com\/index.php?rest_route=\/wp\/v2\/media\/6830"}],"wp:attachment":[{"href":"https:\/\/noticiasrec.com\/index.php?rest_route=%2Fwp%2Fv2%2Fmedia&parent=6829"}],"wp:term":[{"taxonomy":"category","embeddable":true,"href":"https:\/\/noticiasrec.com\/index.php?rest_route=%2Fwp%2Fv2%2Fcategories&post=6829"},{"taxonomy":"post_tag","embeddable":true,"href":"https:\/\/noticiasrec.com\/index.php?rest_route=%2Fwp%2Fv2%2Ftags&post=6829"}],"curies":[{"name":"wp","href":"https:\/\/api.w.org\/{rel}","templated":true}]}}