{"id":6819,"date":"2020-01-16T14:10:53","date_gmt":"2020-01-16T14:10:53","guid":{"rendered":"http:\/\/noticiasrec.com\/?p=6819"},"modified":"2020-01-16T14:10:53","modified_gmt":"2020-01-16T14:10:53","slug":"mario-ishii-inauguro-por-21-vez-consecutiva-la-temporada-de-la-colonia-de-vacaciones-municipal-de-jose-c-paz","status":"publish","type":"post","link":"https:\/\/noticiasrec.com\/?p=6819","title":{"rendered":"Mario Ishii inaugur\u00f3 por 21\u00b0 vez consecutiva la temporada de la Colonia de Vacaciones Municipal de Jos\u00e9 C. Paz"},"content":{"rendered":"\n<p>&nbsp;El Intendente Municipal&nbsp;<strong>Mario Ishii<\/strong>&nbsp;inaugur\u00f3 por 21\u00b0 vez consecutiva la temporada de la Colonia de Vacaciones Municipal&nbsp;<em>\u201cPor Muchas M\u00e1s Caritas Felices\u201d<\/em>, ante miles de chicos que llegaron de diferentes barrios al predio de la ex fundaci\u00f3n Natalio Salvatori.<\/p>\n\n\n\n<p>Como ya es un cl\u00e1sico, cada a\u00f1o abre sus puertas la Colonia Municipal organizada por la Direcci\u00f3n de Deportes de la comuna en el ciclo veraniego, con la colaboraci\u00f3n de las \u00e1reas de Salud, Obras y Servicios, Desarrollo Social, Seguridad y Secretar\u00eda Acci\u00f3n Directa entre otras m\u00e1s, en un trabajo permanente en apoyo a los ni\u00f1os de la comunidad.<\/p>\n\n\n\n<p>De esta manera se vela por los derechos de los sectores m\u00e1s vulnerables, que no pueden tener la posibilidad se salir a vacacionar, a disfrutar del esparcimiento del verano, en este caso con una hermosa pileta con todo a su alrededor para que los ni\u00f1os y ni\u00f1as de Jos\u00e9 C. Paz se diviertan sanamente.<\/p>\n\n\n\n<p>Durante la apertura de la temporada 2020, el intendente&nbsp;<strong>Mario Ishii<\/strong>, resalt\u00f3 al encabezar el acto inaugural que \u201csabemos que en el verano la Colonia es una tradici\u00f3n\u201d y que \u201cnuestros chicos van a tener sus vacaciones en esta temporada\u201d.<\/p>\n\n\n\n<p>Y anunci\u00f3 que este a\u00f1o los chicos tendr\u00e1n \u201cdesayuno, almuerzo y merienda\u201d y que en breve \u201cse iniciar\u00e1n la construcci\u00f3n de otra pileta y se realizar\u00e1n mejoras en el predio\u201d.<\/p>\n\n\n\n<p>Adem\u00e1s de las actividades en la pileta, los juegos de aventuras y deportes, como cada a\u00f1o se traslada hasta el predio un tr\u00e1iler de la secretar\u00eda de salud para hacer chequeos m\u00e9dicos. La pileta semi ol\u00edmpica est\u00e1 ubicada en Charcas 4985 y ex Bol\u00edvar y es totalmente libre y gratuita. Est\u00e1 dirigida a ni\u00f1os de 5 hasta 12 a\u00f1os. Los interesados en anotar a los chicos pueden acercarse, de lunes a viernes, en la Direcci\u00f3n General de Deportes de Roque S\u00e1enz Pe\u00f1a y Altube o comunicarse al (02320) 439900.<\/p>\n\n\n\n<p>En la inauguraci\u00f3n estuvieron presentes autoridades municipales, concejales, funcionarios de las fuerzas vivas, vecinos, profesores de Educaci\u00f3n F\u00edsica de Deportes, medios de comunicaci\u00f3n, entidades de bien p\u00fablico y asociaciones intermedias.<\/p>\n","protected":false},"excerpt":{"rendered":"<p>&nbsp;El Intendente Municipal&nbsp;Mario Ishii&nbsp;inaugur\u00f3 por 21\u00b0 vez consecutiva la temporada de la Colonia de Vacaciones..<\/p>\n","protected":false},"author":2,"featured_media":6820,"comment_status":"open","ping_status":"open","sticky":false,"template":"","format":"standard","meta":{"footnotes":""},"categories":[7,10,3],"tags":[685,684,369,60,62],"class_list":["post-6819","post","type-post","status-publish","format-standard","has-post-thumbnail","hentry","category-deportes","category-jose-c-paz","category-municipios","tag-por-muchas-mas-caritas-felices","tag-colonia-de-vacaciones-municipal","tag-inauguro","tag-jose-c-paz","tag-mario-ishii"],"_links":{"self":[{"href":"https:\/\/noticiasrec.com\/index.php?rest_route=\/wp\/v2\/posts\/6819","targetHints":{"allow":["GET"]}}],"collection":[{"href":"https:\/\/noticiasrec.com\/index.php?rest_route=\/wp\/v2\/posts"}],"about":[{"href":"https:\/\/noticiasrec.com\/index.php?rest_route=\/wp\/v2\/types\/post"}],"author":[{"embeddable":true,"href":"https:\/\/noticiasrec.com\/index.php?rest_route=\/wp\/v2\/users\/2"}],"replies":[{"embeddable":true,"href":"https:\/\/noticiasrec.com\/index.php?rest_route=%2Fwp%2Fv2%2Fcomments&post=6819"}],"version-history":[{"count":1,"href":"https:\/\/noticiasrec.com\/index.php?rest_route=\/wp\/v2\/posts\/6819\/revisions"}],"predecessor-version":[{"id":6821,"href":"https:\/\/noticiasrec.com\/index.php?rest_route=\/wp\/v2\/posts\/6819\/revisions\/6821"}],"wp:featuredmedia":[{"embeddable":true,"href":"https:\/\/noticiasrec.com\/index.php?rest_route=\/wp\/v2\/media\/6820"}],"wp:attachment":[{"href":"https:\/\/noticiasrec.com\/index.php?rest_route=%2Fwp%2Fv2%2Fmedia&parent=6819"}],"wp:term":[{"taxonomy":"category","embeddable":true,"href":"https:\/\/noticiasrec.com\/index.php?rest_route=%2Fwp%2Fv2%2Fcategories&post=6819"},{"taxonomy":"post_tag","embeddable":true,"href":"https:\/\/noticiasrec.com\/index.php?rest_route=%2Fwp%2Fv2%2Ftags&post=6819"}],"curies":[{"name":"wp","href":"https:\/\/api.w.org\/{rel}","templated":true}]}}