{"id":6794,"date":"2019-11-25T19:05:21","date_gmt":"2019-11-25T19:05:21","guid":{"rendered":"http:\/\/noticiasrec.com\/?p=6794"},"modified":"2019-11-25T19:05:21","modified_gmt":"2019-11-25T19:05:21","slug":"el-senado-bonaerense-premio-a-las-escuelas-tecnicas-n-1-de-grand-bourg-y-n5-de-mar-del-plata","status":"publish","type":"post","link":"https:\/\/noticiasrec.com\/?p=6794","title":{"rendered":"El Senado Bonaerense premi\u00f3 a las Escuelas T\u00e9cnicas N\u00b0 1 de Grand Bourg y N\u00b05 de Mar del Plata"},"content":{"rendered":"\n<p>\n\nEn lo que fue el cierre del a\u00f1o para el reconocimiento que entrega el Senado de la Provincia de Buenos Aires, creado e impulsado por la Comisi\u00f3n de Libertad de Expresi\u00f3n presidida por el senador Franco Bagnato, Expresarte recal\u00f3 en el Municipio de Malvinas Argentinas para destacar la iniciativa generada por el cuerpo docente y los alumnos de las Escuelas T\u00e9cnicas N\u00b0 1 de Grand Bourg y N\u00b05 de Mar del Plata.<br>La distinci\u00f3n fue para el proyecto de creaci\u00f3n del Nano Sat\u00e9lite Sat Duino que fuera enteramente realizado en sus talleres y que ser\u00e1 enviado a la estrat\u00f3sfera gracias a un globo meteorol\u00f3gico proporcionado por la Fuerza A\u00e9rea Argentina.<br>El senador Luis Vivona destac\u00f3 la importancia de la iniciativa del Senador Bagnato y la Comisi\u00f3n de Libertad de Expresi\u00f3n \u00abponer en valor tanta gente importante a trav\u00e9s de distintas instituciones, en nuestro caso en Malvinas Argentinas poder refrendar la educaci\u00f3n t\u00e9cnica. El trabajo de estos chicos de la escuela t\u00e9cnica de Grand Bourg en conjunto con la t\u00e9cnica de Mar del Plata. El guante de gestos el a\u00f1o pasado. El trabajo de los chicos y los profes hace que las escuelas t\u00e9cnicas de Malvinas sobresalgan en todo el Conurbano\u00bb.<br>Vivona hizo \u00e9nfasis en la importancia de la educaci\u00f3n p\u00fablica y tuvo tiempo de recordar el aniversario de \u00ablos 70 a\u00f1os de la universidad gratuita, que ha permitido que tantos hombres y mujeres de familias trabajadoras sean grandes profesionales en nuestro pa\u00eds\u00bb, y profundiz\u00f3 sobre el acompa\u00f1amiento de las familias: \u00abLos pap\u00e1s que fortalecen las ideas de los chicos y nosotros poniendo un poquito m\u00e1s de luz para que esto se conozca y se sepa, m\u00e1s all\u00e1 de cualquier partido pol\u00edtico\u00bb.&nbsp;<br>Franco Bagnato, por su parte, expres\u00f3: \u00abEs un orgullo estar en Malvinas nuevamente, es un municipio inspirador, que apuesta a la cultura, a los j\u00f3venes, a la educaci\u00f3n p\u00fablica, a la inclusi\u00f3n, que no son solo palabras. Ac\u00e1 se respira ilusi\u00f3n, esperanza y orgullo. Agradezco a Luis Vivona y a Leo Nardini que me reciben siempre de esta manera tan linda y cordial\u00bb.&nbsp;<br>Sof\u00eda Trejo, alumna de la EET N\u00b0 1 de Grand Bourg, dijo: \u00abEs muy importante para nosotros, siendo j\u00f3venes, tener este apoyo desde nuestro Municipio y desde el Senado mucho m\u00e1s, es algo enorme para nosotros. Es algo muy destacable para todas las escuelas t\u00e9cnicas\u00bb. Lautaro Villa, alumno de la misma escuela, agreg\u00f3: \u00abComenz\u00f3 esto con un proyecto que iba a ser peque\u00f1o y termino siendo algo muy grande. Nos abrieron las puertas en el Municipio y en el Senado, estamos muy agradecidos\u00bb.&nbsp; &nbsp;&nbsp;<\/p>\n\n\n\n<p><\/p>\n","protected":false},"excerpt":{"rendered":"<p>En lo que fue el cierre del a\u00f1o para el reconocimiento que entrega el Senado..<\/p>\n","protected":false},"author":2,"featured_media":6795,"comment_status":"open","ping_status":"open","sticky":false,"template":"","format":"standard","meta":{"footnotes":""},"categories":[1],"tags":[666,53,667,665,664,668],"class_list":["post-6794","post","type-post","status-publish","format-standard","has-post-thumbnail","hentry","category-sin-categoria","tag-escuelas-tecnicas-n-1","tag-grand-bourg","tag-n5-de-mar-del-plata","tag-premio","tag-senado-bonaerense","tag-senador-luis-vivona"],"_links":{"self":[{"href":"https:\/\/noticiasrec.com\/index.php?rest_route=\/wp\/v2\/posts\/6794","targetHints":{"allow":["GET"]}}],"collection":[{"href":"https:\/\/noticiasrec.com\/index.php?rest_route=\/wp\/v2\/posts"}],"about":[{"href":"https:\/\/noticiasrec.com\/index.php?rest_route=\/wp\/v2\/types\/post"}],"author":[{"embeddable":true,"href":"https:\/\/noticiasrec.com\/index.php?rest_route=\/wp\/v2\/users\/2"}],"replies":[{"embeddable":true,"href":"https:\/\/noticiasrec.com\/index.php?rest_route=%2Fwp%2Fv2%2Fcomments&post=6794"}],"version-history":[{"count":1,"href":"https:\/\/noticiasrec.com\/index.php?rest_route=\/wp\/v2\/posts\/6794\/revisions"}],"predecessor-version":[{"id":6796,"href":"https:\/\/noticiasrec.com\/index.php?rest_route=\/wp\/v2\/posts\/6794\/revisions\/6796"}],"wp:featuredmedia":[{"embeddable":true,"href":"https:\/\/noticiasrec.com\/index.php?rest_route=\/wp\/v2\/media\/6795"}],"wp:attachment":[{"href":"https:\/\/noticiasrec.com\/index.php?rest_route=%2Fwp%2Fv2%2Fmedia&parent=6794"}],"wp:term":[{"taxonomy":"category","embeddable":true,"href":"https:\/\/noticiasrec.com\/index.php?rest_route=%2Fwp%2Fv2%2Fcategories&post=6794"},{"taxonomy":"post_tag","embeddable":true,"href":"https:\/\/noticiasrec.com\/index.php?rest_route=%2Fwp%2Fv2%2Ftags&post=6794"}],"curies":[{"name":"wp","href":"https:\/\/api.w.org\/{rel}","templated":true}]}}