{"id":6790,"date":"2019-11-19T21:22:42","date_gmt":"2019-11-19T21:22:42","guid":{"rendered":"http:\/\/noticiasrec.com\/?p=6790"},"modified":"2019-11-19T21:22:42","modified_gmt":"2019-11-19T21:22:42","slug":"avanza-a-paso-firme-la-nueva-facultad-de-medicina-y-ciencias-medicas-de-jose-c-paz","status":"publish","type":"post","link":"https:\/\/noticiasrec.com\/?p=6790","title":{"rendered":"Avanza a paso firme la nueva Facultad de Medicina y Ciencias M\u00e9dicas de Jos\u00e9 C. Paz"},"content":{"rendered":"\n<p>La principal obra del a\u00f1o que llevar\u00e1 al progreso de los ciudadanos del distrito sigue creciendo, es&nbsp; prolongado el avance de la futura Facultad de Medicina y Ciencias M\u00e9dicas de Jos\u00e9 C. Paz, sus instalaciones se est\u00e1n construyendo sobre la avenida H\u00e9ctor Arregui (ex Florida), entre el Hospital Oncol\u00f3gico municipal \u201cVictoria Irene\u201d y el Centro Tradicionalista Folcl\u00f3rico El Fiador.<\/p>\n\n\n\n<p>El jefe comunal Mario Ishii, el d\u00eda del feriado por la Soberan\u00eda Nacional, recorri\u00f3 personalmente la mega obra, como lo viene haciendo desde el inicio, all\u00ed enfatiz\u00f3 que \u201cPara nosotros no hay descanso, esto es para que pronto todos nosotros tengamos la nueva Facultad de Medicina. Ser\u00e1 un orgullo para todos los pace\u00f1os\u201d.<\/p>\n\n\n\n<p>Las ventanas, puertas, asientos, mobiliarios que a futuro se colocar\u00e1n, toda la producci\u00f3n fue construida por el municipio, con mano de obra y trabajadores del polo industrial de la Secretar\u00eda de Industria, Producci\u00f3n y Empleo (SIPEM).<\/p>\n\n\n\n<p>Actualmente es destacable el trabajo en las estructuras met\u00e1licas del techo en planta alta, con 10.500 metros cuadrados cubiertos. As\u00ed mismo se est\u00e1n realizando las terminaciones en pintura, porcenalato de excelente calidad, iluminaci\u00f3n de las primeras aulas y revoque en todas las paredes, donde estudiar\u00e1n los futuros alumnos, el sesenta por ciento de la obra ya est\u00e1 ejecutada, las primeras salas de las 100 Aulas que se est\u00e1n edificando en planta baja.<\/p>\n\n\n\n<p>La enorme labor de los 160 empleados y obreros de nuestra Constructora Municipal, con sus profesionales, arquitectos, maestros de obras, compromiso encabezado por el Director del \u00e1rea Nicol\u00e1s Moscarini.<\/p>\n\n\n\n<p>En el segundo piso se erigir\u00e1n los 2 auditorios, 5 laboratorios de alta complejidad, salas de profesores, biblioteca y mucho m\u00e1s. La sorprendente obra de la futura Facultad de Ciencias M\u00e9dicas que depender\u00e1 de la Universidad Nacional de Jos\u00e9 C. Paz, crece firmemente.<\/p>\n","protected":false},"excerpt":{"rendered":"<p>La principal obra del a\u00f1o que llevar\u00e1 al progreso de los ciudadanos del distrito sigue..<\/p>\n","protected":false},"author":2,"featured_media":6791,"comment_status":"open","ping_status":"open","sticky":false,"template":"","format":"standard","meta":{"footnotes":""},"categories":[25,10,3],"tags":[663,662,60,62],"class_list":["post-6790","post","type-post","status-publish","format-standard","has-post-thumbnail","hentry","category-educacion","category-jose-c-paz","category-municipios","tag-ciencias-medicas","tag-facultad-de-medicina","tag-jose-c-paz","tag-mario-ishii"],"_links":{"self":[{"href":"https:\/\/noticiasrec.com\/index.php?rest_route=\/wp\/v2\/posts\/6790","targetHints":{"allow":["GET"]}}],"collection":[{"href":"https:\/\/noticiasrec.com\/index.php?rest_route=\/wp\/v2\/posts"}],"about":[{"href":"https:\/\/noticiasrec.com\/index.php?rest_route=\/wp\/v2\/types\/post"}],"author":[{"embeddable":true,"href":"https:\/\/noticiasrec.com\/index.php?rest_route=\/wp\/v2\/users\/2"}],"replies":[{"embeddable":true,"href":"https:\/\/noticiasrec.com\/index.php?rest_route=%2Fwp%2Fv2%2Fcomments&post=6790"}],"version-history":[{"count":1,"href":"https:\/\/noticiasrec.com\/index.php?rest_route=\/wp\/v2\/posts\/6790\/revisions"}],"predecessor-version":[{"id":6792,"href":"https:\/\/noticiasrec.com\/index.php?rest_route=\/wp\/v2\/posts\/6790\/revisions\/6792"}],"wp:featuredmedia":[{"embeddable":true,"href":"https:\/\/noticiasrec.com\/index.php?rest_route=\/wp\/v2\/media\/6791"}],"wp:attachment":[{"href":"https:\/\/noticiasrec.com\/index.php?rest_route=%2Fwp%2Fv2%2Fmedia&parent=6790"}],"wp:term":[{"taxonomy":"category","embeddable":true,"href":"https:\/\/noticiasrec.com\/index.php?rest_route=%2Fwp%2Fv2%2Fcategories&post=6790"},{"taxonomy":"post_tag","embeddable":true,"href":"https:\/\/noticiasrec.com\/index.php?rest_route=%2Fwp%2Fv2%2Ftags&post=6790"}],"curies":[{"name":"wp","href":"https:\/\/api.w.org\/{rel}","templated":true}]}}