{"id":6782,"date":"2019-11-19T20:58:38","date_gmt":"2019-11-19T20:58:38","guid":{"rendered":"http:\/\/noticiasrec.com\/?p=6782"},"modified":"2019-11-19T20:58:38","modified_gmt":"2019-11-19T20:58:38","slug":"veteranos-de-malvinas-repudiaron-la-fiesta-que-funcionarios-realizaron-en-el-cenotafio","status":"publish","type":"post","link":"https:\/\/noticiasrec.com\/?p=6782","title":{"rendered":"Veteranos de Malvinas repudiaron la \u201cfiesta\u201d que funcionarios realizaron en el Cenotafio"},"content":{"rendered":"\n<p>Responsables y empleados del \u00e1rea de Tr\u00e1nsito y Transporte de Pilar festejaron con m\u00fasica y alcohol en el predio que recuerda a los ca\u00eddos en la Guerra, donde se erige una r\u00e9plica del Cementerio de Darwin. Ex combatientes reclamaron que haya un pedido p\u00fablico de disculpas.<\/p>\n\n\n\n<p>Veteranos de Malvinas repudiaron la \u201cfiesta\u201d que funcionarios del actual gobierno del intendente Nicol\u00e1s Ducot\u00e9 realizaron en el Cenotafio de Malvinas, a la vera de la ruta 28 camino a General Rodr\u00edguez.<\/p>\n\n\n\n<p>All\u00ed, el viernes desde las 14, empleados y responsables del \u00e1rea de Tr\u00e1nsito y Transporte realizaron un agasajo sorpresa de despedida a los titulares de la dependencia, como Claudia Guerrero y Gonzalo Georgiadis. Ambos funcionarios, subsecretaria del \u00e1rea y Director de Licencias, fueron parte de<a href=\"https:\/\/www.pilardetodos.com.ar\/secciones\/noticias\/politica\/polemica-fiesta-de-funcionarios-del-municipio-en-el-cenotafio-de-malvinas\">\u00a0los festejos que incluyeron m\u00fasica, alcohol, momento que incluso fue pasado como \u201choras extras\u201d para el personal<\/a>.<\/p>\n\n\n\n<p><\/p>\n\n\n\n<p>Por medio de un comunicado, la Asociaci\u00f3n Civil Soldados Continentales Gesta Malvinas Pilar se\u00f1alaron que lo sucedido \u201cofende y preocupa\u201d, al tiempo que pidieron que haya una disculpa p\u00fablica.<\/p>\n\n\n\n<p>\u201cRepudiamos el accionar de funcionarios del gobierno de Nicol\u00e1s Ducot\u00e9 en el Cenotafio de Malvinas. Dicho monumento, es un espacio dedicado a la memoria, el respeto y el reconocimiento a los ca\u00eddos en la guerra y el hecho de que haya sido utilizado para hacer una fiesta de trabajo nos ofende y preocupa\u201d, indicaron en el escrito enviado a&nbsp;<strong>Pilar de Todos<\/strong>.<\/p>\n\n\n\n<p>\u201cSolicitamos de manera enf\u00e1tica e inmediata se pida disculpas a todos los ex combatientes que creemos que ese lugar debe ser resguardado y respetado, utilizado en pos de honrar la memoria de quienes dejaron su vida por nuestra patria y no para hacer cierres de fin de a\u00f1o con m\u00fasica y alcohol como si fuera un lugar de eventos. Pedimos a quienes participaron de dicho festejo y a sus superiores que piensen y reflexionen acerca de este lamentable suceso, vergonzoso para todo el pueblo de Pilar y para toda la Argentina\u201d, cerraron, en un texto que llevas las firmas de parte de la comisi\u00f3n directiva de la entidad, como su Presidente, Ram\u00f3n Antonio del Valle Reinoso; Vicepresidente, Sergio Horacio Vila; Tesorero, Carlos Alberto Lucero; y Dolores Yrrito Bola\u00f1o y Jos\u00e9 Anibal Bonomi.<\/p>\n\n\n\n<p>Fuente\/\/Diario Pilar de Todos <\/p>\n\n\n\n<p><br><\/p>\n","protected":false},"excerpt":{"rendered":"<p>Responsables y empleados del \u00e1rea de Tr\u00e1nsito y Transporte de Pilar festejaron con m\u00fasica y..<\/p>\n","protected":false},"author":2,"featured_media":6783,"comment_status":"open","ping_status":"open","sticky":false,"template":"","format":"standard","meta":{"footnotes":""},"categories":[3,11,5],"tags":[656,657,610,658,26,659],"class_list":["post-6782","post","type-post","status-publish","format-standard","has-post-thumbnail","hentry","category-municipios","category-pilar","category-sociedad","tag-fiesta","tag-cenotafio","tag-funcionarios","tag-malvinas","tag-pilar","tag-transito-y-transporte"],"_links":{"self":[{"href":"https:\/\/noticiasrec.com\/index.php?rest_route=\/wp\/v2\/posts\/6782","targetHints":{"allow":["GET"]}}],"collection":[{"href":"https:\/\/noticiasrec.com\/index.php?rest_route=\/wp\/v2\/posts"}],"about":[{"href":"https:\/\/noticiasrec.com\/index.php?rest_route=\/wp\/v2\/types\/post"}],"author":[{"embeddable":true,"href":"https:\/\/noticiasrec.com\/index.php?rest_route=\/wp\/v2\/users\/2"}],"replies":[{"embeddable":true,"href":"https:\/\/noticiasrec.com\/index.php?rest_route=%2Fwp%2Fv2%2Fcomments&post=6782"}],"version-history":[{"count":1,"href":"https:\/\/noticiasrec.com\/index.php?rest_route=\/wp\/v2\/posts\/6782\/revisions"}],"predecessor-version":[{"id":6784,"href":"https:\/\/noticiasrec.com\/index.php?rest_route=\/wp\/v2\/posts\/6782\/revisions\/6784"}],"wp:featuredmedia":[{"embeddable":true,"href":"https:\/\/noticiasrec.com\/index.php?rest_route=\/wp\/v2\/media\/6783"}],"wp:attachment":[{"href":"https:\/\/noticiasrec.com\/index.php?rest_route=%2Fwp%2Fv2%2Fmedia&parent=6782"}],"wp:term":[{"taxonomy":"category","embeddable":true,"href":"https:\/\/noticiasrec.com\/index.php?rest_route=%2Fwp%2Fv2%2Fcategories&post=6782"},{"taxonomy":"post_tag","embeddable":true,"href":"https:\/\/noticiasrec.com\/index.php?rest_route=%2Fwp%2Fv2%2Ftags&post=6782"}],"curies":[{"name":"wp","href":"https:\/\/api.w.org\/{rel}","templated":true}]}}