{"id":6774,"date":"2019-11-07T19:46:36","date_gmt":"2019-11-07T19:46:36","guid":{"rendered":"http:\/\/noticiasrec.com\/?p=6774"},"modified":"2019-11-07T19:46:36","modified_gmt":"2019-11-07T19:46:36","slug":"festa-se-despide-a-puro-conflicto-de-moreno-marcha-de-municipales-y-cruces-de-traspaso","status":"publish","type":"post","link":"https:\/\/noticiasrec.com\/?p=6774","title":{"rendered":"Festa se despide a puro conflicto de Moreno: Marcha de municipales y cruces de traspaso"},"content":{"rendered":"\n<p>Fuente\/\/www.lanoticia1.com<\/p>\n\n\n\n<p><strong>Los empleados del Municipio de Moreno encabezaron&nbsp;este mi\u00e9rcoles una movilizaci\u00f3n<\/strong>&nbsp;al palacio comunal e hicieron una olla popular en pedido de aumento salariales. Luego de varios&nbsp;d\u00edas de conflicto en el area municipal, la puja entre la intendencia y los trabajadores municipales se tens\u00f3 aun m\u00e1s luego de que desde la comuna lanzaron un comunicado.&nbsp;<\/p>\n\n\n\n<p>Los municipales&nbsp;ven\u00edan manifest\u00e1ndose hace tiempo para pedir un aumento del 15% en sus haberes, pero&nbsp;<strong>una&nbsp;respuesta de la Comuna hiz\u00f3 estallar la bomba<\/strong>. \u00abPor medidas de fuerza de s\u00f3lo un sindicato se torna imposible pagar los sueldos\u00bb,&nbsp;indicaron desde el Gobierno del Intendente Walter Festa, que lanzaron fuertes acusaciones contra ATE.&nbsp;<\/p>\n\n\n\n<p>\u00abLas medidas de fuerza realizadas por una organizaci\u00f3n sindical se han focalizado en&nbsp;<strong>evitar que el Municipio recaude<\/strong>. Esa recaudaci\u00f3n tiene por objetivo primario cumplir con las obligaciones salariales. Es nuestro deber comunicar que el da\u00f1o ocasionado en la recaudaci\u00f3n genera una imposibilidad para cumplir con las obligaciones mensuales\u00bb, rezaba el escrito.&nbsp;<\/p>\n\n\n\n<p>A ra\u00edz de&nbsp;este comunicado y siguiendo el reclamo original, desde ATE Moreno junto a los<strong>&nbsp;trabajadores se manifestaron frente al municipio&nbsp;<\/strong>donde mostraron su descontento. Cabe recordar que Festa est\u00e1 en retirada luego de perder&nbsp;las internas del Frente de Todos en las PASO. En las elecciones de octubre, Melina Fern\u00e1dez se alz\u00f3 con el triunfo y asumir\u00e1 en diciembre.&nbsp;<\/p>\n\n\n\n<p><strong>El traspaso viene picante en Moreno:<\/strong><\/p>\n\n\n\n<p>El actual&nbsp;intendente Walter Festa y la jefa comunal electa, Mariel Fern\u00e1ndez, est\u00e1n protagonizando<strong>&nbsp;un traspaso cargado de acusaciones de alto voltaje<\/strong>. Fern\u00e1ndez, alineada al Movimiento Evita, super\u00f3 a Festa en agosto, en una interna picante del Frente de Todos. Adem\u00e1s, en los comicios de octubre se impuso en las elecciones generales por amplio margen.<\/p>\n\n\n\n<p>Pero ese enfrentamiento no qued\u00f3 saldado por el veredicto de las urnas.&nbsp;<strong>La intendenta electa denunci\u00f3<\/strong>&nbsp;en los \u00faltimos d\u00edas que el actual alcalde<strong>&nbsp;no le brinda la informaci\u00f3n<\/strong>&nbsp;adecuada en el marco de la<strong>&nbsp;transici\u00f3n<\/strong>. \u00abSe le solicit\u00f3 (a Festa) que nos brinde la informaci\u00f3n respecto a cantidad de empleados municipales y sueldos. Pero jam\u00e1s respondi\u00f3\u00bb, public\u00f3 en Twitter.&nbsp;<\/p>\n\n\n\n<p>Pero<strong>&nbsp;el jefe comunal no se qued\u00f3 atr\u00e1s y sali\u00f3 a responder&nbsp;<\/strong>por esa misma v\u00eda. \u00abEstimada intendenta electa, por este medio, y como lo hice v\u00eda WhatsApp hace pocos d\u00edas, cumplo en informarle que la planta municipal cuenta con 5300 trabajadores\u201d.&nbsp;Festa aclar\u00f3 que la respuesta \u00abfue remitida v\u00eda mail hace 15 d\u00edas a quien usted design\u00f3 como responsable del \u00e1rea econ\u00f3mica\u201d.<\/p>\n\n\n\n<p>En uno de los puntos m\u00e1s \u00e1lgidos de la contestaci\u00f3n, Festa escribi\u00f3. \u00abTambi\u00e9n, le agradecer\u00e9 que&nbsp;<strong>intervenga ante ATE<\/strong>, dado que delegados se encuentran concentrados en impedir la recaudaci\u00f3n municipal y as\u00ed el pago de los salarios. Le solicito su ayuda en este sentido, dado que es de p\u00fablico conocimiento que&nbsp;<strong>dicha entidad gremial milit\u00f3 activamente su campa\u00f1a<\/strong>\u00ab.<\/p>\n","protected":false},"excerpt":{"rendered":"<p>Fuente\/\/www.lanoticia1.com Los empleados del Municipio de Moreno encabezaron&nbsp;este mi\u00e9rcoles una movilizaci\u00f3n&nbsp;al palacio comunal e hicieron..<\/p>\n","protected":false},"author":2,"featured_media":6775,"comment_status":"open","ping_status":"open","sticky":false,"template":"","format":"standard","meta":{"footnotes":""},"categories":[21,3,22],"tags":[293,647,645,651,646,649,648,650],"class_list":["post-6774","post","type-post","status-publish","format-standard","has-post-thumbnail","hentry","category-moreno","category-municipios","category-sindicales","tag-ate","tag-conflicto","tag-festa","tag-intendenta-electa","tag-marcha-de-municipales","tag-mariel-fernandez","tag-movilizacion","tag-traspaso"],"_links":{"self":[{"href":"https:\/\/noticiasrec.com\/index.php?rest_route=\/wp\/v2\/posts\/6774","targetHints":{"allow":["GET"]}}],"collection":[{"href":"https:\/\/noticiasrec.com\/index.php?rest_route=\/wp\/v2\/posts"}],"about":[{"href":"https:\/\/noticiasrec.com\/index.php?rest_route=\/wp\/v2\/types\/post"}],"author":[{"embeddable":true,"href":"https:\/\/noticiasrec.com\/index.php?rest_route=\/wp\/v2\/users\/2"}],"replies":[{"embeddable":true,"href":"https:\/\/noticiasrec.com\/index.php?rest_route=%2Fwp%2Fv2%2Fcomments&post=6774"}],"version-history":[{"count":1,"href":"https:\/\/noticiasrec.com\/index.php?rest_route=\/wp\/v2\/posts\/6774\/revisions"}],"predecessor-version":[{"id":6776,"href":"https:\/\/noticiasrec.com\/index.php?rest_route=\/wp\/v2\/posts\/6774\/revisions\/6776"}],"wp:featuredmedia":[{"embeddable":true,"href":"https:\/\/noticiasrec.com\/index.php?rest_route=\/wp\/v2\/media\/6775"}],"wp:attachment":[{"href":"https:\/\/noticiasrec.com\/index.php?rest_route=%2Fwp%2Fv2%2Fmedia&parent=6774"}],"wp:term":[{"taxonomy":"category","embeddable":true,"href":"https:\/\/noticiasrec.com\/index.php?rest_route=%2Fwp%2Fv2%2Fcategories&post=6774"},{"taxonomy":"post_tag","embeddable":true,"href":"https:\/\/noticiasrec.com\/index.php?rest_route=%2Fwp%2Fv2%2Ftags&post=6774"}],"curies":[{"name":"wp","href":"https:\/\/api.w.org\/{rel}","templated":true}]}}