{"id":6771,"date":"2019-11-07T19:28:58","date_gmt":"2019-11-07T19:28:58","guid":{"rendered":"http:\/\/noticiasrec.com\/?p=6771"},"modified":"2019-11-07T19:28:58","modified_gmt":"2019-11-07T19:28:58","slug":"varios-pacientes-fueron-dados-de-alta-terapeutica-en-el-hospital-mental-y-de-adicciones-de-jose-c-paz","status":"publish","type":"post","link":"https:\/\/noticiasrec.com\/?p=6771","title":{"rendered":"Varios Pacientes fueron dados de alta terap\u00e9utica en el Hospital Mental y de adicciones de Jos\u00e9 C. Paz"},"content":{"rendered":"\n<p>Varios Pacientes fueron dados de alta terap\u00e9utica en el hospital de Salud Mental, Terap\u00e9utico y Adicciones \u00abLic. Mar\u00eda E. Loi\u00e1cono\u00bb de Jos\u00e9 C. Paz<\/p>\n\n\n\n<p>Los pacientes recibieron sus altas definitivas en este nosocomio pace\u00f1o que brinda un servicio fundamental para el tratamiento de adicciones.<\/p>\n\n\n\n<p>Este es gratuito para la comunidad, sus instalaciones est\u00e1n ubicadas en Serrano 4799 y Arias.<\/p>\n\n\n\n<p>Es el cuarto nosocomio, de los ocho que se edificaron en la nueva gesti\u00f3n del Intendente Municipal; cuenta con dieciocho camas de internaci\u00f3n, sala de estar, cocina, comedor, patio de entretenimiento y una radio que brindar\u00e1 la funci\u00f3n de rehabilitaci\u00f3n y terapia ocupacional.<\/p>\n\n\n\n<p>Dentro de la provincia de Buenos Aires, es el \u00fanico contemplado para la Comunidad Terap\u00e9utica, con el proyecto iniciado para \u201cConstruir Proyectos de Vida\u201d en Jos\u00e9 C. Paz. El nosocomio terap\u00e9utico cuenta con un gabinete psicol\u00f3gico y profesional calificado, quienes brindan contenci\u00f3n, rehabilitaci\u00f3n y asistencia a las personas con diferentes adicciones.<\/p>\n\n\n\n<p>La iniciativa del intendente Mario Ishii, apuesta a que los j\u00f3venes y adultos salgan del flagelo de las adicciones, en un lugar de rehabilitaci\u00f3n digno. Por este motivo, abre las puertas a cualquier persona que requiera este servicio.<\/p>\n","protected":false},"excerpt":{"rendered":"<p>Varios Pacientes fueron dados de alta terap\u00e9utica en el hospital de Salud Mental, Terap\u00e9utico y..<\/p>\n","protected":false},"author":2,"featured_media":6772,"comment_status":"open","ping_status":"open","sticky":false,"template":"","format":"standard","meta":{"footnotes":""},"categories":[10,3,19],"tags":[640,643,641,60,639,642,644],"class_list":["post-6771","post","type-post","status-publish","format-standard","has-post-thumbnail","hentry","category-jose-c-paz","category-municipios","category-salud","tag-adicciones","tag-dados-de-alta","tag-hospital-mental","tag-jose-c-paz","tag-pacientes","tag-terapeutico","tag-tratamiento"],"_links":{"self":[{"href":"https:\/\/noticiasrec.com\/index.php?rest_route=\/wp\/v2\/posts\/6771","targetHints":{"allow":["GET"]}}],"collection":[{"href":"https:\/\/noticiasrec.com\/index.php?rest_route=\/wp\/v2\/posts"}],"about":[{"href":"https:\/\/noticiasrec.com\/index.php?rest_route=\/wp\/v2\/types\/post"}],"author":[{"embeddable":true,"href":"https:\/\/noticiasrec.com\/index.php?rest_route=\/wp\/v2\/users\/2"}],"replies":[{"embeddable":true,"href":"https:\/\/noticiasrec.com\/index.php?rest_route=%2Fwp%2Fv2%2Fcomments&post=6771"}],"version-history":[{"count":1,"href":"https:\/\/noticiasrec.com\/index.php?rest_route=\/wp\/v2\/posts\/6771\/revisions"}],"predecessor-version":[{"id":6773,"href":"https:\/\/noticiasrec.com\/index.php?rest_route=\/wp\/v2\/posts\/6771\/revisions\/6773"}],"wp:featuredmedia":[{"embeddable":true,"href":"https:\/\/noticiasrec.com\/index.php?rest_route=\/wp\/v2\/media\/6772"}],"wp:attachment":[{"href":"https:\/\/noticiasrec.com\/index.php?rest_route=%2Fwp%2Fv2%2Fmedia&parent=6771"}],"wp:term":[{"taxonomy":"category","embeddable":true,"href":"https:\/\/noticiasrec.com\/index.php?rest_route=%2Fwp%2Fv2%2Fcategories&post=6771"},{"taxonomy":"post_tag","embeddable":true,"href":"https:\/\/noticiasrec.com\/index.php?rest_route=%2Fwp%2Fv2%2Ftags&post=6771"}],"curies":[{"name":"wp","href":"https:\/\/api.w.org\/{rel}","templated":true}]}}