{"id":6754,"date":"2019-10-28T15:01:05","date_gmt":"2019-10-28T15:01:05","guid":{"rendered":"http:\/\/noticiasrec.com\/?p=6754"},"modified":"2019-10-28T15:01:05","modified_gmt":"2019-10-28T15:01:05","slug":"con-importante-corte-de-boleta-jaime-mendez-retuvo-el-municipio-de-san-miguel","status":"publish","type":"post","link":"https:\/\/noticiasrec.com\/?p=6754","title":{"rendered":"Con importante corte de boleta, Jaime Mendez retuvo el municipio de San Miguel"},"content":{"rendered":"\n<p>El corte de boleta en favor del oficialismo local volvi\u00f3 a ser el hecho destacado en San Miguel.&nbsp;<strong>Jaime M\u00e9ndez<\/strong>&nbsp;logr\u00f3 ser electo jefe comunal por el voto popular por primera vez luego de tres a\u00f1os de suplencia a&nbsp;<strong>Joaqu\u00edn De la Torre<\/strong>, actual ministro de Gobierno de Mar\u00eda Eugenia Vidal.<\/p>\n\n\n\n<p>Este domingo, M\u00e9ndez sac\u00f3 56% con una diferencia de 19 puntos con la boleta presidencial de Mauricio Macri. En las PASO, el corte hab\u00eda sido de 15 puntos. En tanto, el oficialismo local sac\u00f3 10 puntos m\u00e1s que en agosto.<\/p>\n\n\n\n<p>Por su parte, el concejal y candidato del Frente de Todos,\u00a0<strong>Franco La Porta<\/strong>, obtuvo un porcentaje inferior del de hace dos meses: 38,50% a 40%.<\/p>\n\n\n\n<figure class=\"wp-block-image\"><img loading=\"lazy\" decoding=\"async\" width=\"125\" height=\"125\" src=\"http:\/\/noticiasrec.com\/wp-content\/uploads\/2019\/10\/image-5.png\" alt=\"\" class=\"wp-image-6755\" srcset=\"https:\/\/noticiasrec.com\/wp-content\/uploads\/2019\/10\/image-5.png 125w, https:\/\/noticiasrec.com\/wp-content\/uploads\/2019\/10\/image-5-70x70.png 70w\" sizes=\"auto, (max-width: 125px) 100vw, 125px\" \/><\/figure>\n\n\n\n<ul class=\"wp-block-list\"><li>JUNTOS POR EL CAMBIO 99.856<\/li><li>Mendez, Jaime &#8230;&#8230;&#8230;&#8230;&#8230;&#8230;..55,64%<\/li><\/ul>\n\n\n\n<figure class=\"wp-block-image\"><img loading=\"lazy\" decoding=\"async\" width=\"125\" height=\"125\" src=\"http:\/\/noticiasrec.com\/wp-content\/uploads\/2019\/10\/image-7.png\" alt=\"\" class=\"wp-image-6757\" srcset=\"https:\/\/noticiasrec.com\/wp-content\/uploads\/2019\/10\/image-7.png 125w, https:\/\/noticiasrec.com\/wp-content\/uploads\/2019\/10\/image-7-70x70.png 70w\" sizes=\"auto, (max-width: 125px) 100vw, 125px\" \/><\/figure>\n\n\n\n<ul class=\"wp-block-list\"><li>FRENTE DE TODOS 69.785 <\/li><li>Franco* La Porta &#8230;&#8230;&#8230;&#8230;&#8230;&#8230;&#8230;.38,88%<\/li><\/ul>\n\n\n\n<figure class=\"wp-block-image\"><img loading=\"lazy\" decoding=\"async\" width=\"125\" height=\"125\" src=\"http:\/\/noticiasrec.com\/wp-content\/uploads\/2019\/10\/image-6.png\" alt=\"\" class=\"wp-image-6756\" srcset=\"https:\/\/noticiasrec.com\/wp-content\/uploads\/2019\/10\/image-6.png 125w, https:\/\/noticiasrec.com\/wp-content\/uploads\/2019\/10\/image-6-70x70.png 70w\" sizes=\"auto, (max-width: 125px) 100vw, 125px\" \/><\/figure>\n\n\n\n<ul class=\"wp-block-list\"><li>CONSENSO FEDERAL   5.453<\/li><li>Stabile Monica Patricia &#8230;&#8230;&#8230;&#8230;&#8230;&#8230;.3,03%<\/li><\/ul>\n\n\n\n<figure class=\"wp-block-image\"><img loading=\"lazy\" decoding=\"async\" width=\"125\" height=\"125\" src=\"http:\/\/noticiasrec.com\/wp-content\/uploads\/2019\/10\/image-8.png\" alt=\"\" class=\"wp-image-6758\" srcset=\"https:\/\/noticiasrec.com\/wp-content\/uploads\/2019\/10\/image-8.png 125w, https:\/\/noticiasrec.com\/wp-content\/uploads\/2019\/10\/image-8-70x70.png 70w\" sizes=\"auto, (max-width: 125px) 100vw, 125px\" \/><\/figure>\n\n\n\n<ul class=\"wp-block-list\"><li>FRENTE DE IZQUIERDA Y DE TRABAJADORES &#8211; UNIDAD 4.363<\/li><li>Ortega Marcelo Omar &#8230;&#8230;&#8230;&#8230;&#8230;&#8230;&#8230;&#8230;&#8230;.2,43%<br> <\/li><\/ul>\n","protected":false},"excerpt":{"rendered":"<p>El corte de boleta en favor del oficialismo local volvi\u00f3 a ser el hecho destacado..<\/p>\n","protected":false},"author":2,"featured_media":6759,"comment_status":"open","ping_status":"open","sticky":false,"template":"","format":"standard","meta":{"footnotes":""},"categories":[3,4,8],"tags":[437,631,436,57],"class_list":["post-6754","post","type-post","status-publish","format-standard","has-post-thumbnail","hentry","category-municipios","category-politica","category-san-miguel","tag-corte-de-boleta","tag-franco-la-porta","tag-jaime-mendez-2","tag-san-miguel"],"_links":{"self":[{"href":"https:\/\/noticiasrec.com\/index.php?rest_route=\/wp\/v2\/posts\/6754","targetHints":{"allow":["GET"]}}],"collection":[{"href":"https:\/\/noticiasrec.com\/index.php?rest_route=\/wp\/v2\/posts"}],"about":[{"href":"https:\/\/noticiasrec.com\/index.php?rest_route=\/wp\/v2\/types\/post"}],"author":[{"embeddable":true,"href":"https:\/\/noticiasrec.com\/index.php?rest_route=\/wp\/v2\/users\/2"}],"replies":[{"embeddable":true,"href":"https:\/\/noticiasrec.com\/index.php?rest_route=%2Fwp%2Fv2%2Fcomments&post=6754"}],"version-history":[{"count":1,"href":"https:\/\/noticiasrec.com\/index.php?rest_route=\/wp\/v2\/posts\/6754\/revisions"}],"predecessor-version":[{"id":6760,"href":"https:\/\/noticiasrec.com\/index.php?rest_route=\/wp\/v2\/posts\/6754\/revisions\/6760"}],"wp:featuredmedia":[{"embeddable":true,"href":"https:\/\/noticiasrec.com\/index.php?rest_route=\/wp\/v2\/media\/6759"}],"wp:attachment":[{"href":"https:\/\/noticiasrec.com\/index.php?rest_route=%2Fwp%2Fv2%2Fmedia&parent=6754"}],"wp:term":[{"taxonomy":"category","embeddable":true,"href":"https:\/\/noticiasrec.com\/index.php?rest_route=%2Fwp%2Fv2%2Fcategories&post=6754"},{"taxonomy":"post_tag","embeddable":true,"href":"https:\/\/noticiasrec.com\/index.php?rest_route=%2Fwp%2Fv2%2Ftags&post=6754"}],"curies":[{"name":"wp","href":"https:\/\/api.w.org\/{rel}","templated":true}]}}