{"id":6748,"date":"2019-10-28T14:47:05","date_gmt":"2019-10-28T14:47:05","guid":{"rendered":"http:\/\/noticiasrec.com\/?p=6748"},"modified":"2019-10-28T14:47:05","modified_gmt":"2019-10-28T14:47:05","slug":"contundente-triunfo-de-mario-ishii-en-jose-c-paz","status":"publish","type":"post","link":"https:\/\/noticiasrec.com\/?p=6748","title":{"rendered":"Contundente triunfo de Mario Ishii en Jos\u00e9 C. Paz"},"content":{"rendered":"\n<p> El Intendente de Jos\u00e9 C. Paz, Mario Ishii obtuvo un masivo apoyo de los pace\u00f1os y fu\u00e9 reelegido en su actual cargo. Este apoyo de la gente tambi\u00e9n se reflej\u00f3 en el resto de los candidatos de la boleta del Frente de Todos, que encabeza Alberto Fern\u00e1ndez y Cristina Fern\u00e1ndez en la f\u00f3rmula a la presidencia y Axel Kicillof y Ver\u00f3nica Magario a la gobernaci\u00f3n bonaerense. <\/p>\n\n\n\n<p><\/p>\n\n\n\n<figure class=\"wp-block-image\"><img loading=\"lazy\" decoding=\"async\" width=\"125\" height=\"125\" src=\"http:\/\/noticiasrec.com\/wp-content\/uploads\/2019\/10\/image-2.png\" alt=\"\" class=\"wp-image-6749\" srcset=\"https:\/\/noticiasrec.com\/wp-content\/uploads\/2019\/10\/image-2.png 125w, https:\/\/noticiasrec.com\/wp-content\/uploads\/2019\/10\/image-2-70x70.png 70w\" sizes=\"auto, (max-width: 125px) 100vw, 125px\" \/><\/figure>\n\n\n\n<ul class=\"wp-block-list\"><li>FRENTE DE TODOS 92.170<\/li><li>Ishii Mario Alberto&#8230;&#8230;&#8230;&#8230;.59,91%<\/li><\/ul>\n\n\n\n<figure class=\"wp-block-image\"><img loading=\"lazy\" decoding=\"async\" width=\"125\" height=\"125\" src=\"http:\/\/noticiasrec.com\/wp-content\/uploads\/2019\/10\/image-3.png\" alt=\"\" class=\"wp-image-6750\" srcset=\"https:\/\/noticiasrec.com\/wp-content\/uploads\/2019\/10\/image-3.png 125w, https:\/\/noticiasrec.com\/wp-content\/uploads\/2019\/10\/image-3-70x70.png 70w\" sizes=\"auto, (max-width: 125px) 100vw, 125px\" \/><\/figure>\n\n\n\n<ul class=\"wp-block-list\"><li>JUNTOS POR EL CAMBIO 42.664<\/li><li>Pazos, Ezequiel &#8230;&#8230;&#8230;&#8230;&#8230;..27,73%<\/li><\/ul>\n\n\n\n<figure class=\"wp-block-image\"><img loading=\"lazy\" decoding=\"async\" width=\"125\" height=\"125\" src=\"http:\/\/noticiasrec.com\/wp-content\/uploads\/2019\/10\/image-4.png\" alt=\"\" class=\"wp-image-6751\" srcset=\"https:\/\/noticiasrec.com\/wp-content\/uploads\/2019\/10\/image-4.png 125w, https:\/\/noticiasrec.com\/wp-content\/uploads\/2019\/10\/image-4-70x70.png 70w\" sizes=\"auto, (max-width: 125px) 100vw, 125px\" \/><\/figure>\n\n\n\n<ul class=\"wp-block-list\"><li>CONSENSO FEDERAL 8.631<\/li><li>Nu\u00f1ez Andrea Fernanda&#8230;&#8230;&#8230;&#8230;&#8230;&#8230;&#8230;.5,61%<br> <\/li><\/ul>\n","protected":false},"excerpt":{"rendered":"<p>El Intendente de Jos\u00e9 C. Paz, Mario Ishii obtuvo un masivo apoyo de los pace\u00f1os..<\/p>\n","protected":false},"author":2,"featured_media":6752,"comment_status":"open","ping_status":"open","sticky":false,"template":"","format":"standard","meta":{"footnotes":""},"categories":[10,3,4],"tags":[403,60,62,630,629],"class_list":["post-6748","post","type-post","status-publish","format-standard","has-post-thumbnail","hentry","category-jose-c-paz","category-municipios","category-politica","tag-frente-de-todos","tag-jose-c-paz","tag-mario-ishii","tag-masivo-apoyo","tag-triunfo-2"],"_links":{"self":[{"href":"https:\/\/noticiasrec.com\/index.php?rest_route=\/wp\/v2\/posts\/6748","targetHints":{"allow":["GET"]}}],"collection":[{"href":"https:\/\/noticiasrec.com\/index.php?rest_route=\/wp\/v2\/posts"}],"about":[{"href":"https:\/\/noticiasrec.com\/index.php?rest_route=\/wp\/v2\/types\/post"}],"author":[{"embeddable":true,"href":"https:\/\/noticiasrec.com\/index.php?rest_route=\/wp\/v2\/users\/2"}],"replies":[{"embeddable":true,"href":"https:\/\/noticiasrec.com\/index.php?rest_route=%2Fwp%2Fv2%2Fcomments&post=6748"}],"version-history":[{"count":1,"href":"https:\/\/noticiasrec.com\/index.php?rest_route=\/wp\/v2\/posts\/6748\/revisions"}],"predecessor-version":[{"id":6753,"href":"https:\/\/noticiasrec.com\/index.php?rest_route=\/wp\/v2\/posts\/6748\/revisions\/6753"}],"wp:featuredmedia":[{"embeddable":true,"href":"https:\/\/noticiasrec.com\/index.php?rest_route=\/wp\/v2\/media\/6752"}],"wp:attachment":[{"href":"https:\/\/noticiasrec.com\/index.php?rest_route=%2Fwp%2Fv2%2Fmedia&parent=6748"}],"wp:term":[{"taxonomy":"category","embeddable":true,"href":"https:\/\/noticiasrec.com\/index.php?rest_route=%2Fwp%2Fv2%2Fcategories&post=6748"},{"taxonomy":"post_tag","embeddable":true,"href":"https:\/\/noticiasrec.com\/index.php?rest_route=%2Fwp%2Fv2%2Ftags&post=6748"}],"curies":[{"name":"wp","href":"https:\/\/api.w.org\/{rel}","templated":true}]}}