{"id":6737,"date":"2019-10-24T13:45:16","date_gmt":"2019-10-24T13:45:16","guid":{"rendered":"http:\/\/noticiasrec.com\/?p=6737"},"modified":"2019-10-24T13:52:58","modified_gmt":"2019-10-24T13:52:58","slug":"ishii-en-acto-de-la-plata-dejan-una-provincia-arrasada-hundida-y-desocupada","status":"publish","type":"post","link":"https:\/\/noticiasrec.com\/?p=6737","title":{"rendered":"Ishii en acto de La Plata: \u201cDejan una provincia arrasada, hundida y desocupada\u201d"},"content":{"rendered":"\n<p>El intendente de Jos\u00e9 C. Paz, Mario Ishii, estuvo presente en el acto de cierre de campa\u00f1a del candidato del Frente de Todos, Axel Kicillof, en La Plata y  vaticin\u00f3 un \u201cfinal feliz\u201d en torno a las elecciones del pr\u00f3ximo domingo.<\/p>\n\n\n\n<p>El jefe comunal peronista se mostr\u00f3 conforme con la campa\u00f1a de todo el Frente y dijo: \u201cEstamos todos juntos y vamos a trabajar para salir hacia adelante\u201d.<\/p>\n\n\n\n<p>En el mismo sentido, vaticin\u00f3 lo que viene al asegurar que \u201cvamos a tener un final feliz y la gente va a estar feliz en serio\u201d.<\/p>\n\n\n\n<p>En torno a los rumores que circulan de que podr\u00eda tener un cargo en la futura gesti\u00f3n provincial, el alcalde no lo descart\u00f3 al afirmar: \u201cYo sigo como intendente, despu\u00e9s vemos que nos depara el destino\u201d.<\/p>\n\n\n\n<p>Por \u00faltimo, coincidi\u00f3 con Kicillof, \u201ces verdad que recibimos una provincia arrasada, hundida y desocupada, mucha gente desocupada\u201d y \u201clamentablemente es responsable la gesti\u00f3n de Vidal y Macri\u201d, lanz\u00f3 Ishii.<\/p>\n\n\n\n<p>Fuente\/\/provincianoticias.com.ar<\/p>\n","protected":false},"excerpt":{"rendered":"<p>El intendente de Jos\u00e9 C. Paz, Mario Ishii, estuvo presente en el acto de cierre..<\/p>\n","protected":false},"author":2,"featured_media":6738,"comment_status":"open","ping_status":"open","sticky":false,"template":"","format":"standard","meta":{"footnotes":""},"categories":[10,126,4],"tags":[316,625,403,190,627,626],"class_list":["post-6737","post","type-post","status-publish","format-standard","has-post-thumbnail","hentry","category-jose-c-paz","category-la-plata","category-politica","tag-axel-kicillof","tag-dejan","tag-frente-de-todos","tag-ishii","tag-la-plata","tag-provincia-arrasada"],"_links":{"self":[{"href":"https:\/\/noticiasrec.com\/index.php?rest_route=\/wp\/v2\/posts\/6737","targetHints":{"allow":["GET"]}}],"collection":[{"href":"https:\/\/noticiasrec.com\/index.php?rest_route=\/wp\/v2\/posts"}],"about":[{"href":"https:\/\/noticiasrec.com\/index.php?rest_route=\/wp\/v2\/types\/post"}],"author":[{"embeddable":true,"href":"https:\/\/noticiasrec.com\/index.php?rest_route=\/wp\/v2\/users\/2"}],"replies":[{"embeddable":true,"href":"https:\/\/noticiasrec.com\/index.php?rest_route=%2Fwp%2Fv2%2Fcomments&post=6737"}],"version-history":[{"count":2,"href":"https:\/\/noticiasrec.com\/index.php?rest_route=\/wp\/v2\/posts\/6737\/revisions"}],"predecessor-version":[{"id":6741,"href":"https:\/\/noticiasrec.com\/index.php?rest_route=\/wp\/v2\/posts\/6737\/revisions\/6741"}],"wp:featuredmedia":[{"embeddable":true,"href":"https:\/\/noticiasrec.com\/index.php?rest_route=\/wp\/v2\/media\/6738"}],"wp:attachment":[{"href":"https:\/\/noticiasrec.com\/index.php?rest_route=%2Fwp%2Fv2%2Fmedia&parent=6737"}],"wp:term":[{"taxonomy":"category","embeddable":true,"href":"https:\/\/noticiasrec.com\/index.php?rest_route=%2Fwp%2Fv2%2Fcategories&post=6737"},{"taxonomy":"post_tag","embeddable":true,"href":"https:\/\/noticiasrec.com\/index.php?rest_route=%2Fwp%2Fv2%2Ftags&post=6737"}],"curies":[{"name":"wp","href":"https:\/\/api.w.org\/{rel}","templated":true}]}}