{"id":6721,"date":"2019-10-16T22:40:55","date_gmt":"2019-10-16T22:40:55","guid":{"rendered":"http:\/\/noticiasrec.com\/?p=6721"},"modified":"2019-10-16T22:41:51","modified_gmt":"2019-10-16T22:41:51","slug":"pilar-por-la-crecida-del-rio-lujan-sube-la-cantidad-de-evacuados","status":"publish","type":"post","link":"https:\/\/noticiasrec.com\/?p=6721","title":{"rendered":"Pilar: Por la crecida del R\u00edo Luj\u00e1n, sube la cantidad de evacuados"},"content":{"rendered":"\n<p>Las lluvias r\u00edo arriba del Luj\u00e1n, sumado a los vientos en la zona del R\u00edo de La Plata, generaron que m\u00e1s gente tenga que abandonar sus casas.<\/p>\n\n\n\n<p>Se trata de 61 vecinos de los barrios R\u00edo Luj\u00e1n, La Comercial y Luchetti, quienes pese a que las lluvias amainaron, aunque a\u00fan persisten, sufren la lenta baja del Luj\u00e1n, sumado al agua que trae desde comunas como Suipacha.<\/p>\n\n\n\n<p>\u201cSi bien las lluvias en Pilar disminuyeron considerablemente comparado con lo que fue el fin de semana, cay\u00f3 mucha agua r\u00edo arriba del Luj\u00e1n, como en Suipacha, m\u00e1s de 250 mm, lo que se suma a la sudestada en la zona del R\u00edo de La Plata. Por eso el r\u00edo baja lento, lleg\u00f3 a un pico de 7,2 metros y ahora est\u00e1 en 7 metros\u201d, cont\u00f3 a Pilar de Todos el director general de Defensa Civil, Ram\u00f3n Pared.<\/p>\n\n\n\n<p>\u201cPor esa baja lenta del Luj\u00e1n, y pron\u00f3sticos de m\u00e1s lluvias hasta ma\u00f1ana, es que creemos que reci\u00e9n el fin de semana la gente podr\u00eda volver a sus casas\u201d, cerr\u00f3 Pared.<\/p>\n\n\n\n<p> Las personas permanecen en el centro de evacuados de R\u00edo Luj\u00e1n, en rigor una iglesia evang\u00e9lica, aunque la capacidad ya est\u00e1 al l\u00edmite, por lo que si m\u00e1s personas debieran dejar sus casas, la Comuna prev\u00e9 abrir el centro de evacuados del microestadio. <\/p>\n\n\n\n<p>Fuente\/\/Diario Pilar de Todos <\/p>\n\n\n\n<p><\/p>\n","protected":false},"excerpt":{"rendered":"<p>Las lluvias r\u00edo arriba del Luj\u00e1n, sumado a los vientos en la zona del R\u00edo..<\/p>\n","protected":false},"author":2,"featured_media":6722,"comment_status":"open","ping_status":"open","sticky":false,"template":"","format":"standard","meta":{"footnotes":""},"categories":[3,11],"tags":[614,615,616,593,26],"class_list":["post-6721","post","type-post","status-publish","format-standard","has-post-thumbnail","hentry","category-municipios","category-pilar","tag-crecida-del-rio","tag-evacuados","tag-lluvias","tag-lujan","tag-pilar"],"_links":{"self":[{"href":"https:\/\/noticiasrec.com\/index.php?rest_route=\/wp\/v2\/posts\/6721","targetHints":{"allow":["GET"]}}],"collection":[{"href":"https:\/\/noticiasrec.com\/index.php?rest_route=\/wp\/v2\/posts"}],"about":[{"href":"https:\/\/noticiasrec.com\/index.php?rest_route=\/wp\/v2\/types\/post"}],"author":[{"embeddable":true,"href":"https:\/\/noticiasrec.com\/index.php?rest_route=\/wp\/v2\/users\/2"}],"replies":[{"embeddable":true,"href":"https:\/\/noticiasrec.com\/index.php?rest_route=%2Fwp%2Fv2%2Fcomments&post=6721"}],"version-history":[{"count":2,"href":"https:\/\/noticiasrec.com\/index.php?rest_route=\/wp\/v2\/posts\/6721\/revisions"}],"predecessor-version":[{"id":6725,"href":"https:\/\/noticiasrec.com\/index.php?rest_route=\/wp\/v2\/posts\/6721\/revisions\/6725"}],"wp:featuredmedia":[{"embeddable":true,"href":"https:\/\/noticiasrec.com\/index.php?rest_route=\/wp\/v2\/media\/6722"}],"wp:attachment":[{"href":"https:\/\/noticiasrec.com\/index.php?rest_route=%2Fwp%2Fv2%2Fmedia&parent=6721"}],"wp:term":[{"taxonomy":"category","embeddable":true,"href":"https:\/\/noticiasrec.com\/index.php?rest_route=%2Fwp%2Fv2%2Fcategories&post=6721"},{"taxonomy":"post_tag","embeddable":true,"href":"https:\/\/noticiasrec.com\/index.php?rest_route=%2Fwp%2Fv2%2Ftags&post=6721"}],"curies":[{"name":"wp","href":"https:\/\/api.w.org\/{rel}","templated":true}]}}