{"id":6703,"date":"2019-10-08T13:11:24","date_gmt":"2019-10-08T13:11:24","guid":{"rendered":"http:\/\/noticiasrec.com\/?p=6703"},"modified":"2019-10-08T13:11:24","modified_gmt":"2019-10-08T13:11:24","slug":"el-kicimovil-sale-a-la-ruta-mercedes-lujan-y-general-rodriguez","status":"publish","type":"post","link":"https:\/\/noticiasrec.com\/?p=6703","title":{"rendered":"El \u201cKicimovil\u201d sale a la ruta: Mercedes, Luj\u00e1n y General Rodriguez"},"content":{"rendered":"\n<p>Despu\u00e9s del cruce con la gobernadora Mar\u00eda Eugenia Vidal por el endeudamiento de la provincia, el candidato bonaerense del Frente de Todos, Axel Kicillof, defini\u00f3 su agenda para el comienzo de esta semana.<\/p>\n\n\n\n<p>Como es de costumbre, los primeros d\u00edas de la semana Kicillof arranca por el conurbano y esta vez no sera la excepci\u00f3n.<\/p>\n\n\n\n<p>Aunque estos tres distritos, Mercedes, Luj\u00e1n y General Rodr\u00edguez forman parte de la Primera Secci\u00f3n electoral y que est\u00e1n ubicados en el coraz\u00f3n del conurbano, est\u00e1n \u201ca tiro\u201d de la Capital Federal.<\/p>\n\n\n\n<p>En la localidad gestionada por Juan Ignacio Ustarroz, Kicillof mantendr\u00e1 una reuni\u00f3n con empresarios, pymes y vecinos de la localidad.<\/p>\n\n\n\n<p>Desde la comuna confirmaron a PROVINCIA NOTICIAS que \u201ca las 11 Axel tendr\u00e1 una reuni\u00f3n con la c\u00e1mara empresarial mercedina donde debatir\u00e1n las propuestas que el candidato tiene para el sector\u201d.<\/p>\n\n\n\n<p>Asimismo, cerca de las 12 se trasladar\u00e1 hasta el sindicato de Luz y Fuerza donde le hablar\u00e1 a la militancia.<\/p>\n\n\n\n<p>Esta modalidad repetir\u00e1 en los distritos de Luj\u00e1n y General Rodr\u00edguez.<\/p>\n\n\n\n<p>As\u00ed las cosas, y luego de la pol\u00e9mica frase de los desocuy las drogas, Axel Kicillof retoma su campa\u00f1a con el objetivo claro: Aumentar la diferencia contra Vidal conseguida en las PASO.<\/p>\n","protected":false},"excerpt":{"rendered":"<p>Despu\u00e9s del cruce con la gobernadora Mar\u00eda Eugenia Vidal por el endeudamiento de la provincia,..<\/p>\n","protected":false},"author":2,"featured_media":6704,"comment_status":"open","ping_status":"open","sticky":false,"template":"","format":"standard","meta":{"footnotes":""},"categories":[24,23,3,4],"tags":[591,316,403,594,593,592,397],"class_list":["post-6703","post","type-post","status-publish","format-standard","has-post-thumbnail","hentry","category-general-rodriguez","category-lujan","category-municipios","category-politica","tag-kicimovil","tag-axel-kicillof","tag-frente-de-todos","tag-general-rodriguez-2","tag-lujan","tag-mercedes","tag-primera-seccion-electoral"],"_links":{"self":[{"href":"https:\/\/noticiasrec.com\/index.php?rest_route=\/wp\/v2\/posts\/6703","targetHints":{"allow":["GET"]}}],"collection":[{"href":"https:\/\/noticiasrec.com\/index.php?rest_route=\/wp\/v2\/posts"}],"about":[{"href":"https:\/\/noticiasrec.com\/index.php?rest_route=\/wp\/v2\/types\/post"}],"author":[{"embeddable":true,"href":"https:\/\/noticiasrec.com\/index.php?rest_route=\/wp\/v2\/users\/2"}],"replies":[{"embeddable":true,"href":"https:\/\/noticiasrec.com\/index.php?rest_route=%2Fwp%2Fv2%2Fcomments&post=6703"}],"version-history":[{"count":1,"href":"https:\/\/noticiasrec.com\/index.php?rest_route=\/wp\/v2\/posts\/6703\/revisions"}],"predecessor-version":[{"id":6705,"href":"https:\/\/noticiasrec.com\/index.php?rest_route=\/wp\/v2\/posts\/6703\/revisions\/6705"}],"wp:featuredmedia":[{"embeddable":true,"href":"https:\/\/noticiasrec.com\/index.php?rest_route=\/wp\/v2\/media\/6704"}],"wp:attachment":[{"href":"https:\/\/noticiasrec.com\/index.php?rest_route=%2Fwp%2Fv2%2Fmedia&parent=6703"}],"wp:term":[{"taxonomy":"category","embeddable":true,"href":"https:\/\/noticiasrec.com\/index.php?rest_route=%2Fwp%2Fv2%2Fcategories&post=6703"},{"taxonomy":"post_tag","embeddable":true,"href":"https:\/\/noticiasrec.com\/index.php?rest_route=%2Fwp%2Fv2%2Ftags&post=6703"}],"curies":[{"name":"wp","href":"https:\/\/api.w.org\/{rel}","templated":true}]}}