{"id":6651,"date":"2019-09-18T11:48:22","date_gmt":"2019-09-18T11:48:22","guid":{"rendered":"http:\/\/noticiasrec.com\/?p=6651"},"modified":"2019-09-18T11:48:22","modified_gmt":"2019-09-18T11:48:22","slug":"en-santa-maria-jaime-mendez-inauguro-el-tercer-hospital-municipal-de-san-miguel","status":"publish","type":"post","link":"https:\/\/noticiasrec.com\/?p=6651","title":{"rendered":"En Santa Mar\u00eda, Jaime M\u00e9ndez inaugur\u00f3 el tercer hospital municipal de San Miguel"},"content":{"rendered":"\n<p>\n\nEn un d\u00eda hist\u00f3rico, la Municipalidad de San Miguel dej\u00f3 inaugurado el nuevo Hospital Santa Mar\u00eda, que ya abri\u00f3 sus puertas en Defensa casi esquina Balb\u00edn, un punto estrat\u00e9gico que permite acercar la salud a miles de vecinos y familias.&nbsp;<br>El acto fue encabezado por el intendente&nbsp;Jaime M\u00e9ndez, acompa\u00f1ado por el secretario de Salud y Bienestar Familiar, Pablo de la Torre, y por el ministro de Gobierno bonaerense, Joaqu\u00edn de la Torre, entre otras autoridades.&nbsp;<br>Construido con fondos municipales, el Hospital Santa Mar\u00eda cuenta con una guardia de emergencias de pediatr\u00eda y cl\u00ednica m\u00e9dica 24 horas, con una nueva base de operaciones de SAME, con diagn\u00f3stico por im\u00e1genes y laboratorio, una sala de shock room y 25 camas de observaci\u00f3n, entre otros servicios.<\/p>\n\n\n\n<p>Se trata del tercer hospital municipal de San Miguel, que ayudar\u00e1 a descomprimir en gran medida al Hospital Larcade,&nbsp;del centro del distrito, donde el municipio comenzar\u00e1 a realizar reformas estructurales como las que ya se iniciaron&nbsp;en el sector de maternidad y en la guardia&nbsp;de tocoginecolog\u00eda.&nbsp;&nbsp;<br>\u00abMuy feliz de estar compartiendo este d\u00eda hist\u00f3rico con todos ustedes, con cientos de vecinos de Santa Mar\u00eda que esperaron pacientemente que la obras y que el Estado llegara. Esto llena un vac\u00edo muy grande, es un hospital muy necesario que va a significar un cambio real en la vida de miles de familias\u00bb, dijo el intendente Jaime M\u00e9ndez, para comenzar su discurso.&nbsp; &nbsp;<\/p>\n\n\n\n<p>Estaban presentes, acompa\u00f1ando al jefe comunal, el presidente del Concejo Deliberante, Hugo Reverdito; la diputada provincial bonaerense, Mar\u00eda Jos\u00e9 Tedeschi; y el Padre Julio Merediz, de gran trabajo en la comunidad de Santa Mar\u00eda, entre otras autoridades.&nbsp;<br>\u00abEn momentos de campa\u00f1a, donde se promete mucho gratuitamente, quiero decires que este hospital no es m\u00edo, no es de Pablo, no es de Joaqu\u00edn ni del Padre Julio, este hospital es de todos los vecinos de Santa Mar\u00eda, que son los que lo pidieron durante a\u00f1os, los que lo pagaron con sus aportes y los que lo van a usar. Por eso lo vamos a cuidar entre todos\u00bb, expres\u00f3 Jaime M\u00e9ndez.<\/p>\n\n\n\n<p>Por su parte, el Secretario de Salud, Pablo de la Torre, agradeci\u00f3 a todos los que hicieron posible el hospital y el trabajo en Salud en el distrito y remarc\u00f3: \u00abLas obras son gestos de amor y el mejor ejemplo es este hospital. Son gestos de que nos preocupa en serio el que est\u00e1 al lado, de que nos preocupa que el vecino de San Miguel est\u00e9 cada d\u00eda mejor\u00bb.<\/p>\n\n\n\n<p><\/p>\n","protected":false},"excerpt":{"rendered":"<p>En un d\u00eda hist\u00f3rico, la Municipalidad de San Miguel dej\u00f3 inaugurado el nuevo Hospital Santa..<\/p>\n","protected":false},"author":2,"featured_media":6652,"comment_status":"open","ping_status":"open","sticky":false,"template":"","format":"standard","meta":{"footnotes":""},"categories":[3,19,8],"tags":[543,268,55,544,57,542],"class_list":["post-6651","post","type-post","status-publish","format-standard","has-post-thumbnail","hentry","category-municipios","category-salud","category-san-miguel","tag-inaugurado","tag-intendente","tag-jaime-mendez","tag-nuevo-hospital","tag-san-miguel","tag-santa-maria"],"_links":{"self":[{"href":"https:\/\/noticiasrec.com\/index.php?rest_route=\/wp\/v2\/posts\/6651","targetHints":{"allow":["GET"]}}],"collection":[{"href":"https:\/\/noticiasrec.com\/index.php?rest_route=\/wp\/v2\/posts"}],"about":[{"href":"https:\/\/noticiasrec.com\/index.php?rest_route=\/wp\/v2\/types\/post"}],"author":[{"embeddable":true,"href":"https:\/\/noticiasrec.com\/index.php?rest_route=\/wp\/v2\/users\/2"}],"replies":[{"embeddable":true,"href":"https:\/\/noticiasrec.com\/index.php?rest_route=%2Fwp%2Fv2%2Fcomments&post=6651"}],"version-history":[{"count":1,"href":"https:\/\/noticiasrec.com\/index.php?rest_route=\/wp\/v2\/posts\/6651\/revisions"}],"predecessor-version":[{"id":6653,"href":"https:\/\/noticiasrec.com\/index.php?rest_route=\/wp\/v2\/posts\/6651\/revisions\/6653"}],"wp:featuredmedia":[{"embeddable":true,"href":"https:\/\/noticiasrec.com\/index.php?rest_route=\/wp\/v2\/media\/6652"}],"wp:attachment":[{"href":"https:\/\/noticiasrec.com\/index.php?rest_route=%2Fwp%2Fv2%2Fmedia&parent=6651"}],"wp:term":[{"taxonomy":"category","embeddable":true,"href":"https:\/\/noticiasrec.com\/index.php?rest_route=%2Fwp%2Fv2%2Fcategories&post=6651"},{"taxonomy":"post_tag","embeddable":true,"href":"https:\/\/noticiasrec.com\/index.php?rest_route=%2Fwp%2Fv2%2Ftags&post=6651"}],"curies":[{"name":"wp","href":"https:\/\/api.w.org\/{rel}","templated":true}]}}