{"id":6642,"date":"2019-09-14T12:25:23","date_gmt":"2019-09-14T12:25:23","guid":{"rendered":"http:\/\/noticiasrec.com\/?p=6642"},"modified":"2019-09-14T12:25:23","modified_gmt":"2019-09-14T12:25:23","slug":"el-intendente-ducote-se-despega-de-macri-e-induce-a-votar-al-frente-de-todos","status":"publish","type":"post","link":"https:\/\/noticiasrec.com\/?p=6642","title":{"rendered":"El intendente Ducot\u00e9 se despega de Macri e induce a votar al Frente de Todos"},"content":{"rendered":"\n<p> Nicol\u00e1s Ducot\u00e9, intendente macrista de Pilar, hizo punta de manera expl\u00edcita entre los jefes comunales de Juntos por el Cambio que, tras las PASO de agosto, busca preservar su lugar con corte de boleta en desmedro de Mauricio Macri y Mar\u00eda Eugenia Vidal. Un video explica a los votantes de Pilar c\u00f3mo cortar boleta en favor del actual intendente. <\/p>\n\n\n\n<p> \u201cEn el cuarto oscuro vas a tener estas boletas\u201d, dice la voz en off que acompa\u00f1a el video mientras se ven las boletas completas de Juntos por el Cambio y el Frente de Todos. \u201cPod\u00e9s votar la boleta completa de Juntos por el Cambio o cortar al intendente Ducot\u00e9 para seguir transformando Pilar\u201d, sigue el hasta ahora integrante de la alianza gobernante. <\/p>\n\n\n\n<p>Nicol\u00e1s Ducot\u00e9, intendente macrista de Pilar, hizo punta de manera expl\u00edcita entre los jefes comunales de Juntos por el Cambio que, tras las PASO de agosto, busca preservar su lugar con corte de boleta en desmedro de Mauricio Macri y Mar\u00eda Eugenia Vidal. Un video explica a los votantes de Pilar c\u00f3mo cortar boleta en favor del actual intendente.<\/p>\n\n\n\n<p>\u201cEn el cuarto oscuro vas a tener estas boletas\u201d, dice la voz en off que acompa\u00f1a el video mientras se ven las boletas completas de Juntos por el Cambio y el Frente de Todos. \u201cPod\u00e9s votar la boleta completa de Juntos por el Cambio o cortar al intendente Ducot\u00e9 para seguir transformando Pilar\u201d, sigue el hasta ahora integrante de la alianza gobernante.<\/p>\n\n\n\n\n\n<p>El video sugiere meter la boleta de Ducot\u00e9 \u201cen la otra fuerza pol\u00edtica que elijas a nivel presidente y gobernador\u201d. Aclara que, para ello, \u201cten\u00e9s que recortar al candidato a intendente de la otra fuerza\u201d. As\u00ed, se tiene \u201carmada la boleta para colocar en el sobre\u201d. El ejemplo es llamativo porque muestra la boleta del Frente de Todos, \u00edntegra, salvo en la categor\u00eda Intendente.<\/p>\n\n\n\n<p>El 11 de agosto, Federico Ach\u00e1val, candidato del Frente de Todos, logr\u00f3 el 47 por ciento de los votos contra el 33 de Ducot\u00e9. La diferencia fue de quince mil votos, dejando a Pilar como uno de los distritos que perder\u00eda el macrismo en las generales de octubre, suerte que comparte con otras localidades del conurbano bonaerense como La Plata, Mor\u00f3n, Tres de Febrero y Lan\u00fas.<\/p>\n\n\n\n<p>La alternativa del corte de boleta fue asumida por la mayor\u00eda de los intendentes oficialistas a partir de un caso testigo del 11 de agosto: San Miguel. All\u00ed, el jefe comunal, Jaime M\u00e9ndez, ahijado pol\u00edtico de Joaqu\u00edn de la Torre (ministro de Gobierno de Mar\u00eda Eugenia Vidal), gan\u00f3 por amplio margen, mientras que en el resto de las categor\u00edas se impuso el Frente de Todos.<\/p>\n","protected":false},"excerpt":{"rendered":"<p>Nicol\u00e1s Ducot\u00e9, intendente macrista de Pilar, hizo punta de manera expl\u00edcita entre los jefes comunales..<\/p>\n","protected":false},"author":2,"featured_media":6643,"comment_status":"open","ping_status":"open","sticky":false,"template":"","format":"standard","meta":{"footnotes":""},"categories":[11,4],"tags":[437,533,27,403,26,532,534],"class_list":["post-6642","post","type-post","status-publish","format-standard","has-post-thumbnail","hentry","category-pilar","category-politica","tag-corte-de-boleta","tag-de-macri","tag-ducote","tag-frente-de-todos","tag-pilar","tag-se-despega","tag-video-explica"],"_links":{"self":[{"href":"https:\/\/noticiasrec.com\/index.php?rest_route=\/wp\/v2\/posts\/6642","targetHints":{"allow":["GET"]}}],"collection":[{"href":"https:\/\/noticiasrec.com\/index.php?rest_route=\/wp\/v2\/posts"}],"about":[{"href":"https:\/\/noticiasrec.com\/index.php?rest_route=\/wp\/v2\/types\/post"}],"author":[{"embeddable":true,"href":"https:\/\/noticiasrec.com\/index.php?rest_route=\/wp\/v2\/users\/2"}],"replies":[{"embeddable":true,"href":"https:\/\/noticiasrec.com\/index.php?rest_route=%2Fwp%2Fv2%2Fcomments&post=6642"}],"version-history":[{"count":1,"href":"https:\/\/noticiasrec.com\/index.php?rest_route=\/wp\/v2\/posts\/6642\/revisions"}],"predecessor-version":[{"id":6644,"href":"https:\/\/noticiasrec.com\/index.php?rest_route=\/wp\/v2\/posts\/6642\/revisions\/6644"}],"wp:featuredmedia":[{"embeddable":true,"href":"https:\/\/noticiasrec.com\/index.php?rest_route=\/wp\/v2\/media\/6643"}],"wp:attachment":[{"href":"https:\/\/noticiasrec.com\/index.php?rest_route=%2Fwp%2Fv2%2Fmedia&parent=6642"}],"wp:term":[{"taxonomy":"category","embeddable":true,"href":"https:\/\/noticiasrec.com\/index.php?rest_route=%2Fwp%2Fv2%2Fcategories&post=6642"},{"taxonomy":"post_tag","embeddable":true,"href":"https:\/\/noticiasrec.com\/index.php?rest_route=%2Fwp%2Fv2%2Ftags&post=6642"}],"curies":[{"name":"wp","href":"https:\/\/api.w.org\/{rel}","templated":true}]}}