{"id":6639,"date":"2019-09-14T12:05:59","date_gmt":"2019-09-14T12:05:59","guid":{"rendered":"http:\/\/noticiasrec.com\/?p=6639"},"modified":"2019-09-14T12:08:03","modified_gmt":"2019-09-14T12:08:03","slug":"arrancan-las-fiestas-patronales-con-la-maraton-san-miguel-arcangel","status":"publish","type":"post","link":"https:\/\/noticiasrec.com\/?p=6639","title":{"rendered":"Arrancan las fiestas patronales con la marat\u00f3n \u00abSan Miguel Arc\u00e1ngel\u00bb"},"content":{"rendered":"\n<p>\n\nSer\u00e1 este domingo 15 con largada en Per\u00f3n y Belgrano, a las 9hs. A continuaci\u00f3n, la agenda de las fiestas del patrono de San Miguel.<\/p>\n\n\n\n<p>La gran marat\u00f3n de este domingo 15 de septiembre dar\u00e1 inicio a las Fiestas Patronales de San Miguel. El punto de largada, como siempre, ser\u00e1 Av. Pte. Per\u00f3n y Belgrano, a las 9hs, y los competidores tendr\u00e1n la posibilidad de elegir una carrera de 9 kil\u00f3metros y una de 2. El recorrido ser\u00e1 por el centro comercial hasta llegar al corredor aer\u00f3bico.<\/p>\n\n\n\n<p>Las actividades siguen el viernes 20 de septiembre con la jornada Future\u00e1, un evento pensado para los j\u00f3venes que se incorpora por primera vez a la grilla de las patronales. Por la ma\u00f1ana habr\u00e1 una exposici\u00f3n estudiantil centrada en oferta laboral y universitaria, mientras que a la tarde habr\u00e1 arte urbano, con skate y freestyle. El evento concluir\u00e1 por la noche con un show de danzas urbanas con m\u00e1s de 500 bailarines de escuelas locales en escena.<\/p>\n\n\n\n<p>Los festejos continuar\u00e1n el domingo 22, con la una fiesta criolla en el polideportivo municipal \u00abIndios\u00bb. All\u00ed se llevar\u00e1 a cabo la ya cl\u00e1sica jineteada, shows de grupos folkl\u00f3ricos locales, comidas regionales y una exhibici\u00f3n a\u00e9rea con paracaidistas y helic\u00f3pteros.<\/p>\n\n\n\n<p>Luego, el s\u00e1bado 28, tendr\u00e1 lugar el desfile de motos y autos cl\u00e1sicos, que partir\u00e1n desde la Catedral, finalizando el recorrido en el corredor aer\u00f3bico. Tambi\u00e9n va a haber food trucks y m\u00fasica en vivo, conformando una tarde ideal para pasear en familia.<\/p>\n\n\n\n<p>Para finalizar con las fiestas en el d\u00eda de San Miguel Arc\u00e1ngel, el domingo 29 de septiembre, se realizar\u00e1 una procesi\u00f3n de vecinos a las 17 hs y una misa desde las 18 hs en la Catedral. Luego, con la conducci\u00f3n de Manuel Wirtz, los vecinos podr\u00e1n disfrutar de distintos espect\u00e1culos como un mapping sobre la iglesia y distintos espect\u00e1culos de danza y folclore. El cierre llegar\u00e1 a la noche con un concierto sinf\u00f3nico coral.<\/p>\n\n\n\n<p>La Municipalidad de San Miguel, que conduce Jaime M\u00e9ndez, invita a todos los vecinos a concurrir en familia a las distintas actividades culturales y deportivas de esta nueva edici\u00f3n de las Fiestas Patronales sanmiguelinas.<br><\/p>\n","protected":false},"excerpt":{"rendered":"<p>Ser\u00e1 este domingo 15 con largada en Per\u00f3n y Belgrano, a las 9hs. A continuaci\u00f3n,..<\/p>\n","protected":false},"author":2,"featured_media":6640,"comment_status":"open","ping_status":"open","sticky":false,"template":"","format":"standard","meta":{"footnotes":""},"categories":[7,3,8],"tags":[531,285,530,529,57],"class_list":["post-6639","post","type-post","status-publish","format-standard","has-post-thumbnail","hentry","category-deportes","category-municipios","category-san-miguel","tag-9-kilometros","tag-corredor-aerobico","tag-fiestas-patronales","tag-maraton","tag-san-miguel"],"_links":{"self":[{"href":"https:\/\/noticiasrec.com\/index.php?rest_route=\/wp\/v2\/posts\/6639","targetHints":{"allow":["GET"]}}],"collection":[{"href":"https:\/\/noticiasrec.com\/index.php?rest_route=\/wp\/v2\/posts"}],"about":[{"href":"https:\/\/noticiasrec.com\/index.php?rest_route=\/wp\/v2\/types\/post"}],"author":[{"embeddable":true,"href":"https:\/\/noticiasrec.com\/index.php?rest_route=\/wp\/v2\/users\/2"}],"replies":[{"embeddable":true,"href":"https:\/\/noticiasrec.com\/index.php?rest_route=%2Fwp%2Fv2%2Fcomments&post=6639"}],"version-history":[{"count":1,"href":"https:\/\/noticiasrec.com\/index.php?rest_route=\/wp\/v2\/posts\/6639\/revisions"}],"predecessor-version":[{"id":6641,"href":"https:\/\/noticiasrec.com\/index.php?rest_route=\/wp\/v2\/posts\/6639\/revisions\/6641"}],"wp:featuredmedia":[{"embeddable":true,"href":"https:\/\/noticiasrec.com\/index.php?rest_route=\/wp\/v2\/media\/6640"}],"wp:attachment":[{"href":"https:\/\/noticiasrec.com\/index.php?rest_route=%2Fwp%2Fv2%2Fmedia&parent=6639"}],"wp:term":[{"taxonomy":"category","embeddable":true,"href":"https:\/\/noticiasrec.com\/index.php?rest_route=%2Fwp%2Fv2%2Fcategories&post=6639"},{"taxonomy":"post_tag","embeddable":true,"href":"https:\/\/noticiasrec.com\/index.php?rest_route=%2Fwp%2Fv2%2Ftags&post=6639"}],"curies":[{"name":"wp","href":"https:\/\/api.w.org\/{rel}","templated":true}]}}