{"id":6622,"date":"2019-09-09T20:46:39","date_gmt":"2019-09-09T20:46:39","guid":{"rendered":"http:\/\/noticiasrec.com\/?p=6622"},"modified":"2019-09-09T20:46:39","modified_gmt":"2019-09-09T20:46:39","slug":"axel-kicillof-llega-a-pilar-con-el-foco-puesto-en-el-sector-industrial","status":"publish","type":"post","link":"https:\/\/noticiasrec.com\/?p=6622","title":{"rendered":"Axel Kicillof llega a Pilar con el foco puesto en el sector industrial"},"content":{"rendered":"\n<p>\n\nEl candidato a gobernador de la provincia de Buenos Aires por el Frente de Todos, Axel Kicillof, llegar\u00e1 este martes a Pilar.<\/p>\n\n\n\n<p>Lo har\u00e1 en el marco de un encuentro sobre pol\u00edticas p\u00fablicas que pondr\u00e1 el foco en el sector industrial, uno de los m\u00e1s golpeados por la crisis econ\u00f3mica que atraviesa el pa\u00eds.<\/p>\n\n\n\n<p>En ese contexto, Kicillof estar\u00e1 presente en una empresa del Parque Industrial y ser\u00e1 uno de los principales oradores del encuentro al que tambi\u00e9n asistir\u00e1n representantes de PyMEs y comerciantes.&nbsp;&nbsp;<\/p>\n\n\n\n<p>Seg\u00fan pudo saber Pilar de Todos, al candidato del Frente de Todos lo acompa\u00f1ar\u00e1n Jos\u00e9 de Mendiguren, Malena Galmarini y el candidato a intendente de Pilar, Federico Ach\u00e1val. <\/p>\n\n\n\n<p>Fuente\/\/Diario Pilar de Todos <\/p>\n","protected":false},"excerpt":{"rendered":"<p>El candidato a gobernador de la provincia de Buenos Aires por el Frente de Todos,..<\/p>\n","protected":false},"author":2,"featured_media":6623,"comment_status":"open","ping_status":"open","sticky":false,"template":"","format":"standard","meta":{"footnotes":""},"categories":[11,4],"tags":[316,473,513,403,511,512],"class_list":["post-6622","post","type-post","status-publish","format-standard","has-post-thumbnail","hentry","category-pilar","category-politica","tag-axel-kicillof","tag-candidato-a-gobernador","tag-federico-achaval","tag-frente-de-todos","tag-llega-a-pilar","tag-parque-industrial"],"_links":{"self":[{"href":"https:\/\/noticiasrec.com\/index.php?rest_route=\/wp\/v2\/posts\/6622","targetHints":{"allow":["GET"]}}],"collection":[{"href":"https:\/\/noticiasrec.com\/index.php?rest_route=\/wp\/v2\/posts"}],"about":[{"href":"https:\/\/noticiasrec.com\/index.php?rest_route=\/wp\/v2\/types\/post"}],"author":[{"embeddable":true,"href":"https:\/\/noticiasrec.com\/index.php?rest_route=\/wp\/v2\/users\/2"}],"replies":[{"embeddable":true,"href":"https:\/\/noticiasrec.com\/index.php?rest_route=%2Fwp%2Fv2%2Fcomments&post=6622"}],"version-history":[{"count":1,"href":"https:\/\/noticiasrec.com\/index.php?rest_route=\/wp\/v2\/posts\/6622\/revisions"}],"predecessor-version":[{"id":6624,"href":"https:\/\/noticiasrec.com\/index.php?rest_route=\/wp\/v2\/posts\/6622\/revisions\/6624"}],"wp:featuredmedia":[{"embeddable":true,"href":"https:\/\/noticiasrec.com\/index.php?rest_route=\/wp\/v2\/media\/6623"}],"wp:attachment":[{"href":"https:\/\/noticiasrec.com\/index.php?rest_route=%2Fwp%2Fv2%2Fmedia&parent=6622"}],"wp:term":[{"taxonomy":"category","embeddable":true,"href":"https:\/\/noticiasrec.com\/index.php?rest_route=%2Fwp%2Fv2%2Fcategories&post=6622"},{"taxonomy":"post_tag","embeddable":true,"href":"https:\/\/noticiasrec.com\/index.php?rest_route=%2Fwp%2Fv2%2Ftags&post=6622"}],"curies":[{"name":"wp","href":"https:\/\/api.w.org\/{rel}","templated":true}]}}