{"id":6613,"date":"2019-09-09T19:19:31","date_gmt":"2019-09-09T19:19:31","guid":{"rendered":"http:\/\/noticiasrec.com\/?p=6613"},"modified":"2019-09-09T19:19:31","modified_gmt":"2019-09-09T19:19:31","slug":"nos-estamos-fundiendo-advierten-los-almaceneros-bonaerenses","status":"publish","type":"post","link":"https:\/\/noticiasrec.com\/?p=6613","title":{"rendered":"\u201cNos estamos fundiendo\u201d advierten los almaceneros bonaerenses"},"content":{"rendered":"\n<p>Fernando Savore presidente de la Federaci\u00f3n de Almaceneros de la Provincia de Buenos Aires se mostr\u00f3 preocupado por la situaci\u00f3n que atraviesan los comercios minoristas.<\/p>\n\n\n\n<p>En declaraciones radiales, Savore explic\u00f3 que \u201cla depresi\u00f3n econ\u00f3mica que hoy vemos la venimos arrastrando desde hace un a\u00f1o y medio\u201d y relat\u00f3 que \u201cle planteamos al gobierno que los comercios mas chicos no resisten los aumentos\u201d.<\/p>\n\n\n\n<p>En esa l\u00ednea, el gremialista expres\u00f3 que \u201cel costo energ\u00e9tico, los altos impuestos y la baja en las ventas fueron el desenlace para que algunos almacenes se fundan y otros bajen sus persianas por alg\u00fan tiempo\u201d.<\/p>\n\n\n\n<p>\u201cHoy nuestros comercios tienen terminales electr\u00f3nicas, cuesti\u00f3n que nos emparda con los grandes supermercados, por eso le pedimos a la sociedad que nos elija\u201d, aport\u00f3 el almacenero.<\/p>\n\n\n\n<p>Por ultimo, Fernando Savore, presidente de la Federaci\u00f3n de Almaceneros de la Provincia, sentenci\u00f3: \u201cOjal\u00e1 que con el gobierno que venga podamos salir adelante\u201d.<\/p>\n","protected":false},"excerpt":{"rendered":"<p>Fernando Savore presidente de la Federaci\u00f3n de Almaceneros de la Provincia de Buenos Aires se..<\/p>\n","protected":false},"author":2,"featured_media":6614,"comment_status":"open","ping_status":"open","sticky":false,"template":"","format":"standard","meta":{"footnotes":""},"categories":[51,2,22],"tags":[499,498,164],"class_list":["post-6613","post","type-post","status-publish","format-standard","has-post-thumbnail","hentry","category-economia","category-provincia","category-sindicales","tag-federacion-de-almaceneros","tag-nos-estamos-fundiendo","tag-provincia-de-buenos-aires"],"_links":{"self":[{"href":"https:\/\/noticiasrec.com\/index.php?rest_route=\/wp\/v2\/posts\/6613","targetHints":{"allow":["GET"]}}],"collection":[{"href":"https:\/\/noticiasrec.com\/index.php?rest_route=\/wp\/v2\/posts"}],"about":[{"href":"https:\/\/noticiasrec.com\/index.php?rest_route=\/wp\/v2\/types\/post"}],"author":[{"embeddable":true,"href":"https:\/\/noticiasrec.com\/index.php?rest_route=\/wp\/v2\/users\/2"}],"replies":[{"embeddable":true,"href":"https:\/\/noticiasrec.com\/index.php?rest_route=%2Fwp%2Fv2%2Fcomments&post=6613"}],"version-history":[{"count":1,"href":"https:\/\/noticiasrec.com\/index.php?rest_route=\/wp\/v2\/posts\/6613\/revisions"}],"predecessor-version":[{"id":6615,"href":"https:\/\/noticiasrec.com\/index.php?rest_route=\/wp\/v2\/posts\/6613\/revisions\/6615"}],"wp:featuredmedia":[{"embeddable":true,"href":"https:\/\/noticiasrec.com\/index.php?rest_route=\/wp\/v2\/media\/6614"}],"wp:attachment":[{"href":"https:\/\/noticiasrec.com\/index.php?rest_route=%2Fwp%2Fv2%2Fmedia&parent=6613"}],"wp:term":[{"taxonomy":"category","embeddable":true,"href":"https:\/\/noticiasrec.com\/index.php?rest_route=%2Fwp%2Fv2%2Fcategories&post=6613"},{"taxonomy":"post_tag","embeddable":true,"href":"https:\/\/noticiasrec.com\/index.php?rest_route=%2Fwp%2Fv2%2Ftags&post=6613"}],"curies":[{"name":"wp","href":"https:\/\/api.w.org\/{rel}","templated":true}]}}