{"id":6602,"date":"2019-09-02T21:53:19","date_gmt":"2019-09-02T21:53:19","guid":{"rendered":"http:\/\/noticiasrec.com\/?p=6602"},"modified":"2019-09-02T21:53:19","modified_gmt":"2019-09-02T21:53:19","slug":"san-miguel-se-inauguro-la-pavimentacion-de-la-av-santa-fe-con-una-gran-bicicleteada","status":"publish","type":"post","link":"https:\/\/noticiasrec.com\/?p=6602","title":{"rendered":"San Miguel: se inaugur\u00f3 la pavimentaci\u00f3n de la Av. Santa Fe con una gran bicicleteada"},"content":{"rendered":"\n<p>\n\nLa Municipalidad de San Miguel realiz\u00f3 este domingo una gran bicicleteada familiar en la Av. Santa Fe, recientemente pavimentada y renovada con un boulevard central y una senda peatonal que parte desde la Ruta 8 y desemboca en el Corredor Aer\u00f3bico.<\/p>\n\n\n\n<p>De esta forma, y junto a miles de vecinos, qued\u00f3 formalmente inaugurada esta importante obra de m\u00e1s de 15 cuadras ejecutada junto al Ministerio de Transporte de la Naci\u00f3n, que mejora la conectividad y potencia notablemente a toda la zona.<\/p>\n\n\n\n<p>El intendente Jaime M\u00e9ndez particip\u00f3 del evento junto a su familia y comparti\u00f3 con vecinos las distintas actividades propuestas. Hubo juegos, animaci\u00f3n y shows de malambo, bandas en vivo y circo. Para los m\u00e1s chicos se realiz\u00f3 maquillaje art\u00edstico, f\u00fatbol tenis, pintura con mensajes de seguridad vial y se puso a disposici\u00f3n un m\u00f3vil con material de ciencia y tecnolog\u00eda, entre otros entretenimientos.<\/p>\n\n\n\n<p>Por parte del Ministerio de Transporte de la Naci\u00f3n, participaron de la jornada Manuela L\u00f3pez Men\u00e9ndez, secretaria de Obras, y Marit\u00e9 Isasi, subsecretaria de Supervisi\u00f3n y Control de Obras.<\/p>\n\n\n\n<p>Adem\u00e1s, estuvo presente el \u201cEstado en tu barrio\u201d con el Registro Nacional de las Personas y la Anses, para hacer tr\u00e1mites como el DNI, la Asignaci\u00f3n Universal por Hijo y otros programas sociales.\n\n<\/p>\n","protected":false},"excerpt":{"rendered":"<p>La Municipalidad de San Miguel realiz\u00f3 este domingo una gran bicicleteada familiar en la Av&#8230;<\/p>\n","protected":false},"author":2,"featured_media":6603,"comment_status":"open","ping_status":"open","sticky":false,"template":"","format":"standard","meta":{"footnotes":""},"categories":[6,3,8],"tags":[488,489,490,487,268,55,57],"class_list":["post-6602","post","type-post","status-publish","format-standard","has-post-thumbnail","hentry","category-cultura-y-espectaculos","category-municipios","category-san-miguel","tag-av-santa-fe","tag-bicicleteada","tag-boulevard-central","tag-inaugurada","tag-intendente","tag-jaime-mendez","tag-san-miguel"],"_links":{"self":[{"href":"https:\/\/noticiasrec.com\/index.php?rest_route=\/wp\/v2\/posts\/6602","targetHints":{"allow":["GET"]}}],"collection":[{"href":"https:\/\/noticiasrec.com\/index.php?rest_route=\/wp\/v2\/posts"}],"about":[{"href":"https:\/\/noticiasrec.com\/index.php?rest_route=\/wp\/v2\/types\/post"}],"author":[{"embeddable":true,"href":"https:\/\/noticiasrec.com\/index.php?rest_route=\/wp\/v2\/users\/2"}],"replies":[{"embeddable":true,"href":"https:\/\/noticiasrec.com\/index.php?rest_route=%2Fwp%2Fv2%2Fcomments&post=6602"}],"version-history":[{"count":1,"href":"https:\/\/noticiasrec.com\/index.php?rest_route=\/wp\/v2\/posts\/6602\/revisions"}],"predecessor-version":[{"id":6604,"href":"https:\/\/noticiasrec.com\/index.php?rest_route=\/wp\/v2\/posts\/6602\/revisions\/6604"}],"wp:featuredmedia":[{"embeddable":true,"href":"https:\/\/noticiasrec.com\/index.php?rest_route=\/wp\/v2\/media\/6603"}],"wp:attachment":[{"href":"https:\/\/noticiasrec.com\/index.php?rest_route=%2Fwp%2Fv2%2Fmedia&parent=6602"}],"wp:term":[{"taxonomy":"category","embeddable":true,"href":"https:\/\/noticiasrec.com\/index.php?rest_route=%2Fwp%2Fv2%2Fcategories&post=6602"},{"taxonomy":"post_tag","embeddable":true,"href":"https:\/\/noticiasrec.com\/index.php?rest_route=%2Fwp%2Fv2%2Ftags&post=6602"}],"curies":[{"name":"wp","href":"https:\/\/api.w.org\/{rel}","templated":true}]}}