{"id":6592,"date":"2019-08-30T13:21:29","date_gmt":"2019-08-30T13:21:29","guid":{"rendered":"http:\/\/noticiasrec.com\/?p=6592"},"modified":"2019-08-30T13:21:29","modified_gmt":"2019-08-30T13:21:29","slug":"malvinas-argentinas-se-destaco-en-el-39-congreso-de-cirugia-digestiva-de-la-uca","status":"publish","type":"post","link":"https:\/\/noticiasrec.com\/?p=6592","title":{"rendered":"Malvinas Argentinas se destac\u00f3 en el 39\u00b0 Congreso de Cirug\u00eda Digestiva de la UCA"},"content":{"rendered":"\n<p>Se celebr\u00f3 el 39\u00b0 Congreso de la Sociedad Argentina de Cirug\u00eda Digestiva (SACD) en la Pontificia Universidad Cat\u00f3lica Argentina (UCA), actividad que cuenta con un gran prestigio debido a su reconocida trayectoria y nivel de profesionalismo. All\u00ed se presentaron trabajos libres, video-discusiones, relatos, conferencias y simposios. Malvinas Argentinas, como en 2018, se llev\u00f3 el reconocimiento indiscutible al ganar todos los premios m\u00e1ximos.&nbsp;&nbsp;<\/p>\n\n\n\n<p>El Dr. Daniel Cai\u00f1a (MN 77675\/MP 442384), quien se desempe\u00f1a como jefe del departamento de cirug\u00eda general y bari\u00e1trica del Hospital de Trauma y Emergencias \u201cDr. Federico Abete\u201d y como presidente de la SACD, se\u00f1al\u00f3 que \u201chay una junta evaluadora de la cual no formo parte, que galardon\u00f3 a todos los residentes de Malvinas que asistieron al auditorio con los mejores premios debido a la calidad de l\u00e1minas, videos y trabajos cient\u00edficos sobre cirug\u00eda bari\u00e1trica y todos los casos que se tratan en el Municipio. Es gratificante mostrar lo que hacemos todos los d\u00edas y obtener una retribuci\u00f3n. Para m\u00ed es un orgullo personal como presidente de la SACD y como profesional del Sistema de Salud de Malvinas Argentinas, que est\u00e1 a la vanguardia de la atenci\u00f3n en salud\u201d.<\/p>\n\n\n\n<p>En el Congreso tambi\u00e9n participaron otros hospitales p\u00fablicos y privados de Buenos Aires y de otras provincias, con referentes en cirug\u00eda a nivel nacional. El equipo de Malvinas present\u00f3 en total quince trabajos de resoluci\u00f3n quir\u00fargica, con ponencias y exposiciones sobre cirug\u00eda general y bari\u00e1trica, la especialidad local gracias a la gran cantidad de pacientes y la calidad de atenci\u00f3n que se brinda a diario en el Centro Municipal de Obesidad y Enfermedades Metab\u00f3licas \u201cDr. Alberto Cormillot\u201d.<br><\/p>\n","protected":false},"excerpt":{"rendered":"<p>Se celebr\u00f3 el 39\u00b0 Congreso de la Sociedad Argentina de Cirug\u00eda Digestiva (SACD) en la..<\/p>\n","protected":false},"author":2,"featured_media":6593,"comment_status":"open","ping_status":"open","sticky":false,"template":"","format":"standard","meta":{"footnotes":""},"categories":[9,3,19],"tags":[479,480,17],"class_list":["post-6592","post","type-post","status-publish","format-standard","has-post-thumbnail","hentry","category-malvinas-argentinas","category-municipios","category-salud","tag-39-congreso","tag-congreso-de-cirugia-digestiva-de-la-uca","tag-malvinas-argentinas"],"_links":{"self":[{"href":"https:\/\/noticiasrec.com\/index.php?rest_route=\/wp\/v2\/posts\/6592","targetHints":{"allow":["GET"]}}],"collection":[{"href":"https:\/\/noticiasrec.com\/index.php?rest_route=\/wp\/v2\/posts"}],"about":[{"href":"https:\/\/noticiasrec.com\/index.php?rest_route=\/wp\/v2\/types\/post"}],"author":[{"embeddable":true,"href":"https:\/\/noticiasrec.com\/index.php?rest_route=\/wp\/v2\/users\/2"}],"replies":[{"embeddable":true,"href":"https:\/\/noticiasrec.com\/index.php?rest_route=%2Fwp%2Fv2%2Fcomments&post=6592"}],"version-history":[{"count":1,"href":"https:\/\/noticiasrec.com\/index.php?rest_route=\/wp\/v2\/posts\/6592\/revisions"}],"predecessor-version":[{"id":6594,"href":"https:\/\/noticiasrec.com\/index.php?rest_route=\/wp\/v2\/posts\/6592\/revisions\/6594"}],"wp:featuredmedia":[{"embeddable":true,"href":"https:\/\/noticiasrec.com\/index.php?rest_route=\/wp\/v2\/media\/6593"}],"wp:attachment":[{"href":"https:\/\/noticiasrec.com\/index.php?rest_route=%2Fwp%2Fv2%2Fmedia&parent=6592"}],"wp:term":[{"taxonomy":"category","embeddable":true,"href":"https:\/\/noticiasrec.com\/index.php?rest_route=%2Fwp%2Fv2%2Fcategories&post=6592"},{"taxonomy":"post_tag","embeddable":true,"href":"https:\/\/noticiasrec.com\/index.php?rest_route=%2Fwp%2Fv2%2Ftags&post=6592"}],"curies":[{"name":"wp","href":"https:\/\/api.w.org\/{rel}","templated":true}]}}