{"id":6561,"date":"2019-08-22T15:29:31","date_gmt":"2019-08-22T15:29:31","guid":{"rendered":"http:\/\/noticiasrec.com\/?p=6561"},"modified":"2019-08-22T15:30:27","modified_gmt":"2019-08-22T15:30:27","slug":"fallecio-en-un-accidente-automovilistico-el-intendente-de-henderson-jorge-cortes","status":"publish","type":"post","link":"https:\/\/noticiasrec.com\/?p=6561","title":{"rendered":"Falleci\u00f3 en un accidente automovil\u00edstico el Intendente de Henderson, Jorge Cort\u00e9s"},"content":{"rendered":"\n<p>El jefe comunal peronista Jorge Cort\u00e9s falleci\u00f3 en un accidente automovil\u00edstico cuando regresaba de la reuni\u00f3n de intendentes en Avellaneda en la que particip\u00f3 el candidato a Gobernador del Frente de Todos, Axel Kicillof.<\/p>\n\n\n\n<p>El hecho se produjo en la rotonda de la de ruta 6, altura San Vicente alrededor de las 20 horas, y a\u00fan no se han determinado las causas.<\/p>\n\n\n\n<p>Dos de los acompa\u00f1antes se encuentran internados en el hospital local de la localidad de San Vicente. Uno de ellos es el secretario de Gobierno, Mart\u00edn Aroiguani, quien se encuentra en grave estado.<\/p>\n\n\n\n<p>El jefe comunal estudi\u00f3 Medicina en la Universidad Nacional de La Plata. Trabaj\u00f3 en el Hospital Municipal y en el Ministerio de Seguridad como Medico Forense. El 25 de octubre de 2015 triunf\u00f3 en las elecciones generales por el Frente para la Victoria con el 51,67 % de los sufragios.<\/p>\n\n\n\n<p>En las PASO de agosto, hab\u00eda conseguido el respaldo de la mitad de su pueblo y se encaminaba hacia otro mandato al frente de la comun<\/p>\n","protected":false},"excerpt":{"rendered":"<p>El jefe comunal peronista Jorge Cort\u00e9s falleci\u00f3 en un accidente automovil\u00edstico cuando regresaba de la..<\/p>\n","protected":false},"author":2,"featured_media":6562,"comment_status":"open","ping_status":"open","sticky":false,"template":"","format":"standard","meta":{"footnotes":""},"categories":[3,18,4,1],"tags":[460,316,461,459,268,458,462],"class_list":["post-6561","post","type-post","status-publish","format-standard","has-post-thumbnail","hentry","category-municipios","category-policiales","category-politica","category-sin-categoria","tag-accidente","tag-axel-kicillof","tag-fallecio","tag-henderson","tag-intendente","tag-jorge-cortes","tag-reunion"],"_links":{"self":[{"href":"https:\/\/noticiasrec.com\/index.php?rest_route=\/wp\/v2\/posts\/6561","targetHints":{"allow":["GET"]}}],"collection":[{"href":"https:\/\/noticiasrec.com\/index.php?rest_route=\/wp\/v2\/posts"}],"about":[{"href":"https:\/\/noticiasrec.com\/index.php?rest_route=\/wp\/v2\/types\/post"}],"author":[{"embeddable":true,"href":"https:\/\/noticiasrec.com\/index.php?rest_route=\/wp\/v2\/users\/2"}],"replies":[{"embeddable":true,"href":"https:\/\/noticiasrec.com\/index.php?rest_route=%2Fwp%2Fv2%2Fcomments&post=6561"}],"version-history":[{"count":1,"href":"https:\/\/noticiasrec.com\/index.php?rest_route=\/wp\/v2\/posts\/6561\/revisions"}],"predecessor-version":[{"id":6563,"href":"https:\/\/noticiasrec.com\/index.php?rest_route=\/wp\/v2\/posts\/6561\/revisions\/6563"}],"wp:featuredmedia":[{"embeddable":true,"href":"https:\/\/noticiasrec.com\/index.php?rest_route=\/wp\/v2\/media\/6562"}],"wp:attachment":[{"href":"https:\/\/noticiasrec.com\/index.php?rest_route=%2Fwp%2Fv2%2Fmedia&parent=6561"}],"wp:term":[{"taxonomy":"category","embeddable":true,"href":"https:\/\/noticiasrec.com\/index.php?rest_route=%2Fwp%2Fv2%2Fcategories&post=6561"},{"taxonomy":"post_tag","embeddable":true,"href":"https:\/\/noticiasrec.com\/index.php?rest_route=%2Fwp%2Fv2%2Ftags&post=6561"}],"curies":[{"name":"wp","href":"https:\/\/api.w.org\/{rel}","templated":true}]}}