{"id":6552,"date":"2019-08-20T15:20:08","date_gmt":"2019-08-20T15:20:08","guid":{"rendered":"http:\/\/noticiasrec.com\/?p=6552"},"modified":"2019-08-26T15:33:58","modified_gmt":"2019-08-26T15:33:58","slug":"jose-c-paz-continua-el-plan-de-asfaltos-en-el-distrito","status":"publish","type":"post","link":"https:\/\/noticiasrec.com\/?p=6552","title":{"rendered":"Jos\u00e9 C. Paz: Contin\u00faa el Plan de Asfaltos en el distrito"},"content":{"rendered":"\n<p>Contin\u00faa el programa municipal Nuevos Asfaltos, en este caso avanzando con el pavimento de hormig\u00f3n armado en la Avenida Fray G. Butler del distrito de Jos\u00e9 C. Paz.<\/p>\n\n\n\n<p>Esta importante obra permitir\u00e1 una mayor fluidez del tr\u00e1nsito vehicular, el mejoramiento comercial y accesos a los barrios.<\/p>\n\n\n\n<p>La Secretar\u00eda de Proyectos Especiales interviene en su ejecuci\u00f3n. Colaborando en el cuidado de los espacios p\u00fablicos, este \u00e1rea, lleva adelante la ejecuci\u00f3n de obras en simult\u00e1neo que no se detienen a pesar de los momentos dificiles que transcurren en la econom\u00eda nacional y provincial.<\/p>\n\n\n\n<p>\n\nEl continuo crecimiento del distrito se refleja en las distintas obras y proyectos presentados y aprobados. El desarrollo ha sido notorio, demostrando por parte del administrador un fuerte compromiso hacia la gesti\u00f3n y hacia el progreso del pueblo pace\u00f1o.\n\n<\/p>\n\n\n\n<p><\/p>\n","protected":false},"excerpt":{"rendered":"<p>Contin\u00faa el programa municipal Nuevos Asfaltos, en este caso avanzando con el pavimento de hormig\u00f3n..<\/p>\n","protected":false},"author":2,"featured_media":6553,"comment_status":"open","ping_status":"open","sticky":false,"template":"","format":"standard","meta":{"footnotes":""},"categories":[10,3],"tags":[446,60,445,444,447],"class_list":["post-6552","post","type-post","status-publish","format-standard","has-post-thumbnail","hentry","category-jose-c-paz","category-municipios","tag-avenida-fray-g-butler","tag-jose-c-paz","tag-mejoramiento-comercial","tag-plan-de-asfaltos","tag-secretaria-de-proyectos-especiales"],"_links":{"self":[{"href":"https:\/\/noticiasrec.com\/index.php?rest_route=\/wp\/v2\/posts\/6552","targetHints":{"allow":["GET"]}}],"collection":[{"href":"https:\/\/noticiasrec.com\/index.php?rest_route=\/wp\/v2\/posts"}],"about":[{"href":"https:\/\/noticiasrec.com\/index.php?rest_route=\/wp\/v2\/types\/post"}],"author":[{"embeddable":true,"href":"https:\/\/noticiasrec.com\/index.php?rest_route=\/wp\/v2\/users\/2"}],"replies":[{"embeddable":true,"href":"https:\/\/noticiasrec.com\/index.php?rest_route=%2Fwp%2Fv2%2Fcomments&post=6552"}],"version-history":[{"count":2,"href":"https:\/\/noticiasrec.com\/index.php?rest_route=\/wp\/v2\/posts\/6552\/revisions"}],"predecessor-version":[{"id":6584,"href":"https:\/\/noticiasrec.com\/index.php?rest_route=\/wp\/v2\/posts\/6552\/revisions\/6584"}],"wp:featuredmedia":[{"embeddable":true,"href":"https:\/\/noticiasrec.com\/index.php?rest_route=\/wp\/v2\/media\/6553"}],"wp:attachment":[{"href":"https:\/\/noticiasrec.com\/index.php?rest_route=%2Fwp%2Fv2%2Fmedia&parent=6552"}],"wp:term":[{"taxonomy":"category","embeddable":true,"href":"https:\/\/noticiasrec.com\/index.php?rest_route=%2Fwp%2Fv2%2Fcategories&post=6552"},{"taxonomy":"post_tag","embeddable":true,"href":"https:\/\/noticiasrec.com\/index.php?rest_route=%2Fwp%2Fv2%2Ftags&post=6552"}],"curies":[{"name":"wp","href":"https:\/\/api.w.org\/{rel}","templated":true}]}}