{"id":6537,"date":"2019-08-12T21:48:08","date_gmt":"2019-08-12T21:48:08","guid":{"rendered":"http:\/\/noticiasrec.com\/?p=6537"},"modified":"2019-08-12T21:51:56","modified_gmt":"2019-08-12T21:51:56","slug":"a-jaime-mendez-le-funciono-el-corte-de-boleta-y-triunfo-en-san-miguel","status":"publish","type":"post","link":"https:\/\/noticiasrec.com\/?p=6537","title":{"rendered":"A Jaime Mendez le funcion\u00f3 el corte de boleta y triunf\u00f3 en San Miguel"},"content":{"rendered":"\n<p><strong>Jaime M\u00e9ndez<\/strong>, el intendente de San Miguel, fue uno de los tres jefes comunales del macrismo que lograron revalidar su caudal de votos en el conurbano. Su caso es excepcional porque fue elegido por un intenso corte de boletas:&nbsp;<strong>46 de cada 100 votantes lo eligieron, contra 37 de la boleta del Frente de Todos<\/strong>. Lo sorprendente fue que en cambio, para las candidaturas de gobernador y presidente, los electores se volcaron a Kicillof (que sac\u00f3 47 contra 35 por ciento de Vidal) y a la f\u00f3rmula Fernandez-Fern\u00e1ndez (que le gan\u00f3 por una diferencia a\u00fan mayor, de 49 a 31, a Macri-Pichetto. <\/p>\n\n\n\n<p>De esta manera,&nbsp;<strong>M\u00e9ndez qued\u00f3 instalado para su reelecci\u00f3n<\/strong>. El dirigente conduce el municipio desde agosto de 2016, cuando el peronista Joaqu\u00edn De la Torre, su mentor pol\u00edtico, se alej\u00f3 del cargo para asumir como Ministro de Gobierno de Mar\u00eda Eugenia Vidal.<\/p>\n\n\n\n<p>En el Frente de Todos contaban con un buen desempe\u00f1o electoral de M\u00e9ndez, por lo que&nbsp;<strong>la apuesta era que su candidatura le sumara votos a Vidal y Macri<\/strong>. El corte de boleta trunc\u00f3 esta expectativa. Casi la mitad de electorado meti\u00f3 en el sobre un mix in\u00e9dito, con las boletas de Fern\u00e1ndez y Kicillof para la presidencia y la gobernaci\u00f3n y el tramo amarillo de M\u00e9ndez para el municipio.&nbsp;<\/p>\n","protected":false},"excerpt":{"rendered":"<p>Jaime M\u00e9ndez, el intendente de San Miguel, fue uno de los tres jefes comunales del..<\/p>\n","protected":false},"author":2,"featured_media":6538,"comment_status":"open","ping_status":"open","sticky":false,"template":"","format":"standard","meta":{"footnotes":""},"categories":[3,4,2,8],"tags":[437,55,57,432],"class_list":["post-6537","post","type-post","status-publish","format-standard","has-post-thumbnail","hentry","category-municipios","category-politica","category-provincia","category-san-miguel","tag-corte-de-boleta","tag-jaime-mendez","tag-san-miguel","tag-triunfo"],"_links":{"self":[{"href":"https:\/\/noticiasrec.com\/index.php?rest_route=\/wp\/v2\/posts\/6537","targetHints":{"allow":["GET"]}}],"collection":[{"href":"https:\/\/noticiasrec.com\/index.php?rest_route=\/wp\/v2\/posts"}],"about":[{"href":"https:\/\/noticiasrec.com\/index.php?rest_route=\/wp\/v2\/types\/post"}],"author":[{"embeddable":true,"href":"https:\/\/noticiasrec.com\/index.php?rest_route=\/wp\/v2\/users\/2"}],"replies":[{"embeddable":true,"href":"https:\/\/noticiasrec.com\/index.php?rest_route=%2Fwp%2Fv2%2Fcomments&post=6537"}],"version-history":[{"count":2,"href":"https:\/\/noticiasrec.com\/index.php?rest_route=\/wp\/v2\/posts\/6537\/revisions"}],"predecessor-version":[{"id":6542,"href":"https:\/\/noticiasrec.com\/index.php?rest_route=\/wp\/v2\/posts\/6537\/revisions\/6542"}],"wp:featuredmedia":[{"embeddable":true,"href":"https:\/\/noticiasrec.com\/index.php?rest_route=\/wp\/v2\/media\/6538"}],"wp:attachment":[{"href":"https:\/\/noticiasrec.com\/index.php?rest_route=%2Fwp%2Fv2%2Fmedia&parent=6537"}],"wp:term":[{"taxonomy":"category","embeddable":true,"href":"https:\/\/noticiasrec.com\/index.php?rest_route=%2Fwp%2Fv2%2Fcategories&post=6537"},{"taxonomy":"post_tag","embeddable":true,"href":"https:\/\/noticiasrec.com\/index.php?rest_route=%2Fwp%2Fv2%2Ftags&post=6537"}],"curies":[{"name":"wp","href":"https:\/\/api.w.org\/{rel}","templated":true}]}}