{"id":6531,"date":"2019-08-12T21:16:33","date_gmt":"2019-08-12T21:16:33","guid":{"rendered":"http:\/\/noticiasrec.com\/?p=6531"},"modified":"2019-08-12T21:16:33","modified_gmt":"2019-08-12T21:16:33","slug":"mario-ishii-triunfo-de-manera-contundente-en-las-paso-de-jose-c-paz","status":"publish","type":"post","link":"https:\/\/noticiasrec.com\/?p=6531","title":{"rendered":"Mario Ishii triunf\u00f3 de manera contundente en las PASO de Jos\u00e9 C. Paz"},"content":{"rendered":"\n<p>El actual Intendente de Jos\u00e9 C. Paz, Mario Ishii obtuvo un masivo apoyo de los pace\u00f1os en las elecciones Primarias, Abiertas, Simult\u00e1neas y Obligatorias (PASO) para ser reelegido en su actual cargo. Este apoyo de la gente tambi\u00e9n se reflej\u00f3 en el resto de los candidatos de la boleta del Frente de Todos, que encabeza Alberto Fern\u00e1ndez y Cristina Fern\u00e1ndez en la f\u00f3rmula a la presidencia y Axel Kicillof y Ver\u00f3nica Magario a la gobernaci\u00f3n bonaerense.<\/p>\n\n\n\n<p>Sobre el contundente triunfo, Ishii afirm\u00f3 que \u201cla diferencia que hay en Jos\u00e9 C. Paz es muy grande: la F\u00f3rmula Fern\u00e1ndez-Fern\u00e1ndez gan\u00f3 aproximadamente con un 70% de los votos contra un 20% y pico obtenidos por Macri\u201d.<\/p>\n\n\n\n<p>Respecto de la f\u00f3rmula provincial Axel Kicillof &#8211; Ver\u00f3nica Magario, Ishii us\u00f3 una frase lapidaria para reflejar la enorme diferencia con Eugenia Vidal: \u201cArrasan en toda la provincia.\u201d<\/p>\n\n\n\n<p>Y agreg\u00f3: \u201cLas f\u00f3rmulas presentadas por el Macrismo apenas llegan al 11%. La contundencia de las f\u00f3rmulas ganadoras hab\u00edan empezado a vislumbrarse cuando se empezaron a conocer los resultados de las encuestas en boca de urna, que se realizaron entre los votantes pace\u00f1os\u00bb.<\/p>\n\n\n\n<p>Este domingo hist\u00f3rico empez\u00f3 muy temprano para Ishii. Desde antes del amanecer y previo a que se habilitaran las mesas, empez\u00f3 a monitorear el desarrollo de la elecci\u00f3n.<\/p>\n\n\n\n<p>A las nueve de la ma\u00f1ana Ishii emiti\u00f3 su voto en la Escuela de Educaci\u00f3n Media N\u00b0 8. En tanto que en su cuenta personal de twitter expres\u00f3 su felicidad de poder cumplir, una vez m\u00e1s, con su deber c\u00edvico y sentirse orgulloso de representar a los pace\u00f1os. Luego, aprovech\u00f3 la jornada con sol para reunirse con su familia. Al finalizar la tarde se dirigi\u00f3 al Palacio Municipal a esperar los resultados de los comicios.<\/p>\n\n\n\n<p>Mario Ishii, quien tras ser senador provincial, en 2015 volvi\u00f3 a competir y ganar la intendencia de Jos\u00e9 C. Paz y ahora va en busca de un nuevo per\u00edodo 2019-2023, calific\u00f3 a la noche de \u201cFernandazo\u201d a los resultados preeliminares de las PASO.<\/p>\n\n\n\n<p>Adem\u00e1s se\u00f1al\u00f3 que al momento, los resultados a nivel municipal lo dan ganador con un 69%, contra un \u201c10 y pico\u201d de Juntos por el Cambio.<\/p>\n\n\n\n<p>Desde su despacho en la Municipalidad, Ishii tuvo palabras de gran agradecimiento para todo su equipo de gobierno y, especialmente, a todos los ciudadanos de su querido Jos\u00e9 C. Paz. &nbsp;<\/p>\n","protected":false},"excerpt":{"rendered":"<p>El actual Intendente de Jos\u00e9 C. Paz, Mario Ishii obtuvo un masivo apoyo de los..<\/p>\n","protected":false},"author":2,"featured_media":6532,"comment_status":"open","ping_status":"open","sticky":false,"template":"","format":"standard","meta":{"footnotes":""},"categories":[10,4],"tags":[60,62,421,432],"class_list":["post-6531","post","type-post","status-publish","format-standard","has-post-thumbnail","hentry","category-jose-c-paz","category-politica","tag-jose-c-paz","tag-mario-ishii","tag-paso","tag-triunfo"],"_links":{"self":[{"href":"https:\/\/noticiasrec.com\/index.php?rest_route=\/wp\/v2\/posts\/6531","targetHints":{"allow":["GET"]}}],"collection":[{"href":"https:\/\/noticiasrec.com\/index.php?rest_route=\/wp\/v2\/posts"}],"about":[{"href":"https:\/\/noticiasrec.com\/index.php?rest_route=\/wp\/v2\/types\/post"}],"author":[{"embeddable":true,"href":"https:\/\/noticiasrec.com\/index.php?rest_route=\/wp\/v2\/users\/2"}],"replies":[{"embeddable":true,"href":"https:\/\/noticiasrec.com\/index.php?rest_route=%2Fwp%2Fv2%2Fcomments&post=6531"}],"version-history":[{"count":1,"href":"https:\/\/noticiasrec.com\/index.php?rest_route=\/wp\/v2\/posts\/6531\/revisions"}],"predecessor-version":[{"id":6533,"href":"https:\/\/noticiasrec.com\/index.php?rest_route=\/wp\/v2\/posts\/6531\/revisions\/6533"}],"wp:featuredmedia":[{"embeddable":true,"href":"https:\/\/noticiasrec.com\/index.php?rest_route=\/wp\/v2\/media\/6532"}],"wp:attachment":[{"href":"https:\/\/noticiasrec.com\/index.php?rest_route=%2Fwp%2Fv2%2Fmedia&parent=6531"}],"wp:term":[{"taxonomy":"category","embeddable":true,"href":"https:\/\/noticiasrec.com\/index.php?rest_route=%2Fwp%2Fv2%2Fcategories&post=6531"},{"taxonomy":"post_tag","embeddable":true,"href":"https:\/\/noticiasrec.com\/index.php?rest_route=%2Fwp%2Fv2%2Ftags&post=6531"}],"curies":[{"name":"wp","href":"https:\/\/api.w.org\/{rel}","templated":true}]}}