{"id":6499,"date":"2019-07-18T22:34:03","date_gmt":"2019-07-18T22:34:03","guid":{"rendered":"http:\/\/noticiasrec.com\/?p=6499"},"modified":"2019-07-18T22:36:42","modified_gmt":"2019-07-18T22:36:42","slug":"pilar-el-municipio-confirmo-que-se-cierra-el-hospital-meisner-y-se-encendio-la-polemica","status":"publish","type":"post","link":"https:\/\/noticiasrec.com\/?p=6499","title":{"rendered":"Pilar: El Municipio confirm\u00f3 que se cierra el Hospital Meisner y se encendi\u00f3 la pol\u00e9mica"},"content":{"rendered":"\n<p>\n\nEsta ma\u00f1ana un centenar de personas se congregaron en las puertas de la Maternidad Meisner, de la localidad de Presidente Derqui, para manifestar su descontento y reclamar que el edificio no se cierre, tal como suceder\u00e1 una vez que se habilite la nueva maternidad que se est\u00e1 terminando de construir en un predio de la Panamericana.&nbsp;<\/p>\n\n\n\n<p>En el lugar, y casi&nbsp;<a href=\"https:\/\/www.pilardetodos.com.ar\/La%20Gobernadora%20Vidal%20recorri%C3%B3%20el%20edificio%20de%20la%20nueva%20maternidad\">en simult\u00e1neo con la visita de la Gobernadora Mar\u00eda Eugenia Vidal que recorri\u00f3 la nueva estructura<\/a>, se desarroll\u00f3 un abrazo simb\u00f3lico al que, entre otros, se sumaron los referentes del Frente de Todos Juan Pablo Rold\u00e1n y Victoria Machado.&nbsp;<\/p>\n\n\n\n<p>\u00abEstamos ac\u00e1 porque las mujeres de Derqui y las de todo Pilar necesitan dos maternidades. Necesitamos una salud p\u00fablica como corresponde y abrir m\u00e1s hospitales, no cerrarlos\u00bb, declar\u00f3 Machado en declaraciones al programa radial Agenda Propia de FM Estudio 2 (105.9).&nbsp;<\/p>\n\n\n\n<p>La joven, que adem\u00e1s es precandidata a concejal, se quej\u00f3 porque seg\u00fan dijo \u00abel intendente no quiere pagar el alquiler (del inmueble donde funciona el Meisner) y por eso lo quiere cerrar\u00bb y enfatiz\u00f3 que har\u00e1n \u00abhasta lo imposible para que est\u00e9n los dos hospitales abiertos\u00bb.&nbsp;<\/p>\n\n\n\n<p>\u00abNecesitamos la maternidad, tanto en Pilar como en Derqui por la cantidad de habitantes que hay en nuestro distrito\u00bb, defendi\u00f3 Machado.<\/p>\n\n\n\n<p>Por su parte, el concejal Rold\u00e1n expres\u00f3: \u00ab\u00bfC\u00f3mo le explicamos a los 150.000 derquinos que hoy cuentan con este hospital para venir a tener sus hijos que a partir de ahora van a tener que tomarse dos colectivos para dar a luz?\u00bb, al tiempo que se quej\u00f3 porque, \u00abDucot\u00e9 centraliza todo sobre la Panamericana\u00bb.&nbsp;<\/p>\n\n\n\n<p>\u00abEn estos 3 a\u00f1os Ducot\u00e9 se encarg\u00f3 de centralizar todo sobre la Panamericana, pero nosotros queremos decirle que los derquinos tambi\u00e9n queremos progresar, y estar mejor. Que no tiene derecho a vaciar nuestra localidad y darnos la espalda\u00bb, complet\u00f3 Rold\u00e1n.<\/p>\n\n\n\n<p>De todos modos, el jefe comunal ya hab\u00eda confirmado que una vez concretada la mudanza al nuevo edificio, el Municipio dejar\u00e1 de utilizar las instalaciones del Meisner.<\/p>\n\n\n\n<p>As\u00ed lo volvi\u00f3 a recalcar esta ma\u00f1ana, luego de recibir a la Gobernadora, al tiempo que critic\u00f3 la movilizaci\u00f3n realizada en Derqui.&nbsp;<\/p>\n\n\n\n<p>\u00abLa nueva maternidad es seis veces m\u00e1s grade que el Meisner. Vamos a dejar de alquilar. La Municipalidad tiene que tener lugares propios. No tiene ning\u00fan sentido mantener el Meisner cuando sabemos que vamos a tener un hospital de por vida\u00bb, asever\u00f3 Ducot\u00e9.&nbsp;<\/p>\n\n\n\n<p>Asimismo cuestion\u00f3 a quienes se manifestaron esta ma\u00f1ana. Dijo que en la movida \u00abm\u00e1s que vecinos, son muchos de los pol\u00edticos que durante 12 a\u00f1os alquilaron esos lugares, igual que antes alquilaban ambulancias y los mismos que dejaron un cascar\u00f3n abandonado (en referencia a la estructura del Hospital Central)\u00bb.&nbsp;<\/p>\n\n\n\n<p>\u00abLos responsables de eso, tienen que hacerse cargo. Esta gesti\u00f3n empieza y termina las obras\u00bb, cerr\u00f3 Ducot\u00e9. <\/p>\n\n\n\n<p>Fuente\/\/Diario Pilar de Todos <\/p>\n","protected":false},"excerpt":{"rendered":"<p>Esta ma\u00f1ana un centenar de personas se congregaron en las puertas de la Maternidad Meisner,..<\/p>\n","protected":false},"author":2,"featured_media":6500,"comment_status":"open","ping_status":"open","sticky":false,"template":"","format":"standard","meta":{"footnotes":""},"categories":[3,11,2,19],"tags":[409,27,408,410,26,411],"class_list":["post-6499","post","type-post","status-publish","format-standard","has-post-thumbnail","hentry","category-municipios","category-pilar","category-provincia","category-salud","tag-cierra","tag-ducote","tag-hospital-meisner","tag-municipio","tag-pilar","tag-polemica"],"_links":{"self":[{"href":"https:\/\/noticiasrec.com\/index.php?rest_route=\/wp\/v2\/posts\/6499","targetHints":{"allow":["GET"]}}],"collection":[{"href":"https:\/\/noticiasrec.com\/index.php?rest_route=\/wp\/v2\/posts"}],"about":[{"href":"https:\/\/noticiasrec.com\/index.php?rest_route=\/wp\/v2\/types\/post"}],"author":[{"embeddable":true,"href":"https:\/\/noticiasrec.com\/index.php?rest_route=\/wp\/v2\/users\/2"}],"replies":[{"embeddable":true,"href":"https:\/\/noticiasrec.com\/index.php?rest_route=%2Fwp%2Fv2%2Fcomments&post=6499"}],"version-history":[{"count":1,"href":"https:\/\/noticiasrec.com\/index.php?rest_route=\/wp\/v2\/posts\/6499\/revisions"}],"predecessor-version":[{"id":6501,"href":"https:\/\/noticiasrec.com\/index.php?rest_route=\/wp\/v2\/posts\/6499\/revisions\/6501"}],"wp:featuredmedia":[{"embeddable":true,"href":"https:\/\/noticiasrec.com\/index.php?rest_route=\/wp\/v2\/media\/6500"}],"wp:attachment":[{"href":"https:\/\/noticiasrec.com\/index.php?rest_route=%2Fwp%2Fv2%2Fmedia&parent=6499"}],"wp:term":[{"taxonomy":"category","embeddable":true,"href":"https:\/\/noticiasrec.com\/index.php?rest_route=%2Fwp%2Fv2%2Fcategories&post=6499"},{"taxonomy":"post_tag","embeddable":true,"href":"https:\/\/noticiasrec.com\/index.php?rest_route=%2Fwp%2Fv2%2Ftags&post=6499"}],"curies":[{"name":"wp","href":"https:\/\/api.w.org\/{rel}","templated":true}]}}