{"id":6480,"date":"2019-07-11T00:14:41","date_gmt":"2019-07-11T00:14:41","guid":{"rendered":"http:\/\/noticiasrec.com\/?p=6480"},"modified":"2019-07-11T00:14:41","modified_gmt":"2019-07-11T00:14:41","slug":"mario-ishii-fue-el-anfitrion-de-reunion-de-intendentes-y-precandidatos-a-intendentes-de-la-primera-seccion-electoral","status":"publish","type":"post","link":"https:\/\/noticiasrec.com\/?p=6480","title":{"rendered":"Mario Ishii, fue el anfitri\u00f3n de reuni\u00f3n de intendentes y precandidatos a intendentes de la Primera Secci\u00f3n Electoral"},"content":{"rendered":"\n<p>El intendente de Jos\u00e9 C. Paz, Mario Ishii, fue el anfitri\u00f3n de una reuni\u00f3n de intendentes y precandidatos a intendentes de la Primera Secci\u00f3n Electoral bonaerense quienes expusieron la situaci\u00f3n de sus distritos ante la f\u00f3rmula del precandidato a gobernador del Frente con Todos, Axel Kicillof y su compa\u00f1era de f\u00f3rmula y actual intendenta de La Matanza, Ver\u00f3nica Magario.<\/p>\n\n\n\n<p>Estuvieron, por Escobar Ariel SUJARCHUK; por General Rodr\u00edguez; Mauro Santiago GARC\u00cdA; por Hurlingan y en representaci\u00f3n del intendente Juan Horacio ZABALETA estuvo el Secretario de Gobierno; por Ituzaing\u00f3 y en representaci\u00f3n del intendente Alberto Daniel DESCALZO estuvo el Jefe de Gabinete Pablo Descalzo; por Luj\u00e1n Leonardo Luis Boto \u00c1LVAREZ; por Malvinas Argentinas, Leonardo Javier NARDINI: por Marcos Paz, Ricardo Pedro CURUTCHET; por Mercedes; Juan Ignacio USTARROZ; por Merlo, Gustavo Adolfo MEN\u00c9NDEZ; por Moreno, Walter Alejandro FESTA; por Navarro, Santiago MAGGIOTTI; por Pilar, Federico ACHAVAL; por San Miguel, Franco LA PORTA; por Suipacha, Juan Luis MANCINI; por Vicente L\u00f3pez, Lorenzo BECCARIA y por Jos\u00e9 C. Paz, Mario Ishii.<\/p>\n\n\n\n<p>Tambi\u00e9n con los candidatos a legisladores nacionales Florencia Lampreabe, Carlos \u00abCUTO\u00bb Moreno, Luis VIVONA, Teresa Garc\u00eda, Jorge D&#8217;Onofrio, Jos\u00e9 Molina. Y los candidatos provinciales Jos\u00e9 P\u00e9rez, Santiago R\u00e9bora, Rub\u00e9n Eslaiman, Roxana L\u00f3pez, Soledad Alonso, Juan Castro, Bruno Baschetti y funcionarios locales del municipio.<\/p>\n\n\n\n<p>Tambi\u00e9n se hizo referencia a la estrategia electoral de cara a las pr\u00f3ximas PASO, tanto a nivel local como seccional.<\/p>\n","protected":false},"excerpt":{"rendered":"<p>El intendente de Jos\u00e9 C. Paz, Mario Ishii, fue el anfitri\u00f3n de una reuni\u00f3n de..<\/p>\n","protected":false},"author":2,"featured_media":6481,"comment_status":"open","ping_status":"open","sticky":false,"template":"","format":"standard","meta":{"footnotes":""},"categories":[10,4],"tags":[316,60,62,398,397,396],"class_list":["post-6480","post","type-post","status-publish","format-standard","has-post-thumbnail","hentry","category-jose-c-paz","category-politica","tag-axel-kicillof","tag-jose-c-paz","tag-mario-ishii","tag-precandidatos","tag-primera-seccion-electoral","tag-reunion-de-intendentes"],"_links":{"self":[{"href":"https:\/\/noticiasrec.com\/index.php?rest_route=\/wp\/v2\/posts\/6480","targetHints":{"allow":["GET"]}}],"collection":[{"href":"https:\/\/noticiasrec.com\/index.php?rest_route=\/wp\/v2\/posts"}],"about":[{"href":"https:\/\/noticiasrec.com\/index.php?rest_route=\/wp\/v2\/types\/post"}],"author":[{"embeddable":true,"href":"https:\/\/noticiasrec.com\/index.php?rest_route=\/wp\/v2\/users\/2"}],"replies":[{"embeddable":true,"href":"https:\/\/noticiasrec.com\/index.php?rest_route=%2Fwp%2Fv2%2Fcomments&post=6480"}],"version-history":[{"count":1,"href":"https:\/\/noticiasrec.com\/index.php?rest_route=\/wp\/v2\/posts\/6480\/revisions"}],"predecessor-version":[{"id":6482,"href":"https:\/\/noticiasrec.com\/index.php?rest_route=\/wp\/v2\/posts\/6480\/revisions\/6482"}],"wp:featuredmedia":[{"embeddable":true,"href":"https:\/\/noticiasrec.com\/index.php?rest_route=\/wp\/v2\/media\/6481"}],"wp:attachment":[{"href":"https:\/\/noticiasrec.com\/index.php?rest_route=%2Fwp%2Fv2%2Fmedia&parent=6480"}],"wp:term":[{"taxonomy":"category","embeddable":true,"href":"https:\/\/noticiasrec.com\/index.php?rest_route=%2Fwp%2Fv2%2Fcategories&post=6480"},{"taxonomy":"post_tag","embeddable":true,"href":"https:\/\/noticiasrec.com\/index.php?rest_route=%2Fwp%2Fv2%2Ftags&post=6480"}],"curies":[{"name":"wp","href":"https:\/\/api.w.org\/{rel}","templated":true}]}}