{"id":6477,"date":"2019-07-10T14:56:37","date_gmt":"2019-07-10T14:56:37","guid":{"rendered":"http:\/\/noticiasrec.com\/?p=6477"},"modified":"2019-07-10T14:56:37","modified_gmt":"2019-07-10T14:56:37","slug":"maria-eugenia-vidal-y-jaime-mendez-festejaron-el-9-de-julio-en-san-miguel","status":"publish","type":"post","link":"https:\/\/noticiasrec.com\/?p=6477","title":{"rendered":"Mar\u00eda Eugenia Vidal y Jaime M\u00e9ndez festejaron el 9 de julio en San Miguel"},"content":{"rendered":"\n<p>\n\nLa gobernadora de la provincia de Buenos Aires, Mar\u00eda Eugenia Vidal, y el intendente de San Miguel, Jaime M\u00e9ndez, celebraron ayer el D\u00eda de la Independencia en el centro tradicionalista El Cimarr\u00f3n.<\/p>\n\n\n\n<p>Durante la jornada las autoridades compartieron locro y empanadas con vecinos, y disfrutaron de la actuaci\u00f3n del Ballet Folcl\u00f3rico Municipal, entre otros grupos tradicionalistas.<\/p>\n\n\n\n<p>Tambi\u00e9n participaron el ministro de Gobierno bonaerense, Joaqu\u00edn de la Torre, y el secretario de Salud y Bienestar Familiar de San Miguel, Pablo de la Torre.<\/p>\n\n\n\n<p>Unas horas antes, por la ma\u00f1ana, el intendente Jaime M\u00e9ndez tambi\u00e9n celebr\u00f3 esta fecha patria con vecinos de Mu\u00f1iz en la panader\u00eda de Raquel, comerciante de la calle Conesa, donde compartieron mate, chocolate caliente y facturas.<br><\/p>\n","protected":false},"excerpt":{"rendered":"<p>La gobernadora de la provincia de Buenos Aires, Mar\u00eda Eugenia Vidal, y el intendente de..<\/p>\n","protected":false},"author":2,"featured_media":6478,"comment_status":"open","ping_status":"open","sticky":false,"template":"","format":"standard","meta":{"footnotes":""},"categories":[6,81,8],"tags":[391,394,395,55,187,57],"class_list":["post-6477","post","type-post","status-publish","format-standard","has-post-thumbnail","hentry","category-cultura-y-espectaculos","category-moron","category-san-miguel","tag-9-de-julio","tag-centro-tradicionalista-el-cimarron","tag-dia-de-la-independencia","tag-jaime-mendez","tag-maria-eugenia-vidal","tag-san-miguel"],"_links":{"self":[{"href":"https:\/\/noticiasrec.com\/index.php?rest_route=\/wp\/v2\/posts\/6477","targetHints":{"allow":["GET"]}}],"collection":[{"href":"https:\/\/noticiasrec.com\/index.php?rest_route=\/wp\/v2\/posts"}],"about":[{"href":"https:\/\/noticiasrec.com\/index.php?rest_route=\/wp\/v2\/types\/post"}],"author":[{"embeddable":true,"href":"https:\/\/noticiasrec.com\/index.php?rest_route=\/wp\/v2\/users\/2"}],"replies":[{"embeddable":true,"href":"https:\/\/noticiasrec.com\/index.php?rest_route=%2Fwp%2Fv2%2Fcomments&post=6477"}],"version-history":[{"count":1,"href":"https:\/\/noticiasrec.com\/index.php?rest_route=\/wp\/v2\/posts\/6477\/revisions"}],"predecessor-version":[{"id":6479,"href":"https:\/\/noticiasrec.com\/index.php?rest_route=\/wp\/v2\/posts\/6477\/revisions\/6479"}],"wp:featuredmedia":[{"embeddable":true,"href":"https:\/\/noticiasrec.com\/index.php?rest_route=\/wp\/v2\/media\/6478"}],"wp:attachment":[{"href":"https:\/\/noticiasrec.com\/index.php?rest_route=%2Fwp%2Fv2%2Fmedia&parent=6477"}],"wp:term":[{"taxonomy":"category","embeddable":true,"href":"https:\/\/noticiasrec.com\/index.php?rest_route=%2Fwp%2Fv2%2Fcategories&post=6477"},{"taxonomy":"post_tag","embeddable":true,"href":"https:\/\/noticiasrec.com\/index.php?rest_route=%2Fwp%2Fv2%2Ftags&post=6477"}],"curies":[{"name":"wp","href":"https:\/\/api.w.org\/{rel}","templated":true}]}}