{"id":6471,"date":"2019-07-04T22:50:02","date_gmt":"2019-07-04T22:50:02","guid":{"rendered":"http:\/\/noticiasrec.com\/?p=6471"},"modified":"2019-07-04T22:50:02","modified_gmt":"2019-07-04T22:50:02","slug":"pilar-padres-de-alumnos-llevan-caloventores-a-una-escuela-para-paliar-el-frio-en-las-aulas","status":"publish","type":"post","link":"https:\/\/noticiasrec.com\/?p=6471","title":{"rendered":"Pilar: Padres de alumnos llevan caloventores a una escuela para paliar el fr\u00edo en las aulas"},"content":{"rendered":"\n<p>Los d\u00edas m\u00e1s fr\u00edos del a\u00f1o llegaron y lamentablemente varias escuelas de Pilar no est\u00e1n preparadas para poder recibir a los alumnos con la calefacci\u00f3n encendida para brindarles confort mientras estudian.\u00a0<br><br>A tal punto que en uno de los establecimientos, los pap\u00e1s de los estudiantes se est\u00e1n organizando para llevar sus propias estufas con la intenci\u00f3n de intentar as\u00ed paliar el fr\u00edo de las aulas.\u00a0<br><br>La situaci\u00f3n se registra en la Escuela Primaria N\u00b0 18 del barrio Villa Morra, una instituci\u00f3n que si bien recibi\u00f3 importantes mejoras, aun no se pudo habilitar el sistema de calefacci\u00f3n por medio de los aires acondicionados.<br><br>En di\u00e1logo con Pilar de Todos, una de las mam\u00e1s que env\u00eda a su hijo a esa escuela indic\u00f3 que por las bajas temperaturas, tuvo que dejar de llevarlo.\u00a0<br><br>\u00abEst\u00e1 en 3er grado, tiene autismo y viene de sufrir un problema en los bronquios. Yo pensaba mandarlo ma\u00f1ana al colegio pero para que chupe fr\u00edo all\u00e1, prefiero que se quede en mi casa\u00bb, cont\u00f3 Romina Garita quien adem\u00e1s agreg\u00f3 que tras escuchar las quejas por el fr\u00edo de los ni\u00f1os, los pap\u00e1s est\u00e1n organiz\u00e1ndose para llevar calefactores que permitan aportar un poco de calor a las aulas.\u00a0<br><br>\u00abLos chicos se quejan por el fr\u00edo y los pap\u00e1s est\u00e1n llevando estufas de sus casas. Por eso, yo hoy saqu\u00e9 plata de donde no ten\u00eda para comprar un caloventor y as\u00ed llevar a mi nene al colegio. No quiero que mi hijo pierda mas clases, y se perjudique\u00bb, se lament\u00f3 la mujer.\u00a0<br><br>\u00abNos da bronca que pasen estas cosas. Yo trabajo de empleada dom\u00e9stica y la plata que me gan\u00e9 en el d\u00eda la tuve que destinar al caloventor\u00bb, reclam\u00f3.<br><br>Por su parte, desde el Consejo Escolar, su titular, Pablo Donoso, indic\u00f3 que en esa escuela est\u00e1 faltando acondicionar la potencia de la instalaci\u00f3n el\u00e9ctrica para luego s\u00ed poder encender los aires.\u00a0<br><br>\u00abEn la Escuela 18 se finaliz\u00f3 una obra de ampliaci\u00f3n y es un establecimiento que cuenta con la completa renovaci\u00f3n de su instalaci\u00f3n el\u00e9ctrica. Cada aula tiene su aire, pero lo que est\u00e1 faltando es la potencia que necesita el pilar para poder encenderlos, tarea que tiene que realizar Edenor\u00bb, explic\u00f3 Donoso a Pilar de Todos.\u00a0<br><br>El titular del organismo escolar dijo que \u00abse entiende que son d\u00edas de fr\u00edo\u00bb por lo que este jueves se pedir\u00e1 a los responsables de la obra que busquen \u00abalternativas de encendido, por etapas, de los equipos para poder aclimatar las aulas\u00bb. Siempre, aclar\u00f3, \u00abcon el debido cuidado de no recargar la instalaci\u00f3n el\u00e9ctrica\u00bb.<br><br><strong>19 establecimientos sin calefacci\u00f3n<\/strong><br><br>Frente a ese panorama, Donoso admiti\u00f3 que actualmente hay en Pilar 19 establecimientos que no cuentan con calefacci\u00f3n, situaci\u00f3n que se la atribuy\u00f3 a \u00ablos tiempos administrativos\u00bb que no se ajustaron a la llegada de los meses m\u00e1s fr\u00edos del a\u00f1o.\u00a0<br><br>\u00abLa Escuela 18 contar\u00e1 con m\u00e1s aulas, aires acondicionados, ba\u00f1os y cocina remodelada y una nueva instalaci\u00f3n el\u00e9ctrica. A eso mismo apuntamos en la Escuela 17 de F\u00e1tima donde la la obra se licit\u00f3 pero lo administrativo no acompa\u00f1\u00f3 la llegada del fr\u00edo\u00bb, expres\u00f3 Donoso quien adem\u00e1s agreg\u00f3 que en algunos establecimientos se est\u00e1n colocando placas el\u00e9ctricas.\u00a0<br><br>Asimismo, defendi\u00f3 los trabajos que se realizan para mejorar las escuelas al tiempo que pidi\u00f3 \u00abver el proceso de los \u00faltimos tres a\u00f1os, donde hab\u00eda edificios que nunca tuvieron calefacci\u00f3n\u00bb, apuntando as\u00ed a la gesti\u00f3n anterior.<br><br>\u00abLa Secundaria 8 estuvo m\u00e1s de 8 inviernos sin calefacci\u00f3n, la primaria 16 y secundaria 21, con un edificio de m\u00e1s de 100 a\u00f1os nunca tuvo calefacci\u00f3n, lo mismo la 24 y 25 y hoy si la tienen\u00bb, destac\u00f3 Donoso.\u00a0<br><br>\u00abMantenemos un di\u00e1logo constante con los directivos, pero lo importante es entender el proceso de los tres a\u00f1os de trabajo donde Pilar adem\u00e1s recibi\u00f3 un importante financiamiento por parte del Municipio por medio del Fondo Educativo\u00bb, agreg\u00f3 Donoso, algo que, recalc\u00f3, \u00abno pasaba en a\u00f1os anteriores\u00bb.\u00a0<br><br>\u00abTrabajamos todos los d\u00edas en el mantenimiento de las escuelas. La inversi\u00f3n tiene que ser sostenida y con el 100% del Fondo Educativo destinado a la educaci\u00f3n p\u00fablica, algo que antes en Pilar no pasaba\u00bb, declar\u00f3 Donoso.<br><br>Pero quien sali\u00f3 a responderle a Donoso fue el ex consejero Escolar, Dar\u00edo Pascual, mostrando algunos de los n\u00fameros de la gesti\u00f3n en escuelas realizada a lo largo de 12 a\u00f1os.\u00a0<br><br>\u00abAsumimos en 2003 con el 30% de las escuelas calefaccionadas y el 60 % de ellas sin vidrios en sus ventanas. Con la crisis econ\u00f3mica que dej\u00f3 el gobierno de La Alianza &#8211; del que muchos de Cambiemos fueron parte &#8211; empezamos a trabajar y para el 2015, con mucho esfuerzo del Consejo Escolar llegamos a tener el 87 % de las escuelas calefaccionadas y el 100 % de vidrios en las ventanas\u00bb, declar\u00f3 Pascual.\u00a0<br><br>Adem\u00e1s agreg\u00f3 que \u00aben temas el\u00e9ctricos: luminarias y seguridad; en el 2003 carec\u00edan de buenas condiciones m\u00e1s del 60 % de las escuelas. En el 2015, llegamos a tener m\u00e1s del 90% de condiciones \u00f3ptimas de luminosidad en aulas y de seguridad el\u00e9ctrica\u00bb, compar\u00f3.<br><br>\u00abNo cont\u00e1bamos con Fondo Educativo, solo fondos directos que gestion\u00e1bamos en la Provincia y algo que llegaba en el marco del Fondo Compensador, pero nada comparable a los 100 millones de pesos que tienen por a\u00f1o en la actual gesti\u00f3n\u00bb, advirti\u00f3 Pascual.<\/p>\n\n\n\n<p>Fuente\/\/Diario Pilar de Todos <\/p>\n","protected":false},"excerpt":{"rendered":"<p>Los d\u00edas m\u00e1s fr\u00edos del a\u00f1o llegaron y lamentablemente varias escuelas de Pilar no est\u00e1n..<\/p>\n","protected":false},"author":2,"featured_media":6472,"comment_status":"open","ping_status":"open","sticky":false,"template":"","format":"standard","meta":{"footnotes":""},"categories":[25,3,11],"tags":[386,389,387,390,388,26],"class_list":["post-6471","post","type-post","status-publish","format-standard","has-post-thumbnail","hentry","category-educacion","category-municipios","category-pilar","tag-caloventores","tag-escuela-primaria-n-18","tag-frio","tag-frio-de-las-aulas","tag-padres-de-alumnos","tag-pilar"],"_links":{"self":[{"href":"https:\/\/noticiasrec.com\/index.php?rest_route=\/wp\/v2\/posts\/6471","targetHints":{"allow":["GET"]}}],"collection":[{"href":"https:\/\/noticiasrec.com\/index.php?rest_route=\/wp\/v2\/posts"}],"about":[{"href":"https:\/\/noticiasrec.com\/index.php?rest_route=\/wp\/v2\/types\/post"}],"author":[{"embeddable":true,"href":"https:\/\/noticiasrec.com\/index.php?rest_route=\/wp\/v2\/users\/2"}],"replies":[{"embeddable":true,"href":"https:\/\/noticiasrec.com\/index.php?rest_route=%2Fwp%2Fv2%2Fcomments&post=6471"}],"version-history":[{"count":1,"href":"https:\/\/noticiasrec.com\/index.php?rest_route=\/wp\/v2\/posts\/6471\/revisions"}],"predecessor-version":[{"id":6473,"href":"https:\/\/noticiasrec.com\/index.php?rest_route=\/wp\/v2\/posts\/6471\/revisions\/6473"}],"wp:featuredmedia":[{"embeddable":true,"href":"https:\/\/noticiasrec.com\/index.php?rest_route=\/wp\/v2\/media\/6472"}],"wp:attachment":[{"href":"https:\/\/noticiasrec.com\/index.php?rest_route=%2Fwp%2Fv2%2Fmedia&parent=6471"}],"wp:term":[{"taxonomy":"category","embeddable":true,"href":"https:\/\/noticiasrec.com\/index.php?rest_route=%2Fwp%2Fv2%2Fcategories&post=6471"},{"taxonomy":"post_tag","embeddable":true,"href":"https:\/\/noticiasrec.com\/index.php?rest_route=%2Fwp%2Fv2%2Ftags&post=6471"}],"curies":[{"name":"wp","href":"https:\/\/api.w.org\/{rel}","templated":true}]}}