{"id":6465,"date":"2019-07-04T19:54:54","date_gmt":"2019-07-04T19:54:54","guid":{"rendered":"http:\/\/noticiasrec.com\/?p=6465"},"modified":"2019-07-04T19:54:54","modified_gmt":"2019-07-04T19:54:54","slug":"trabajadores-le-exigen-a-vidal-una-solucion-urgente-por-falta-de-gas-en-las-escuelas","status":"publish","type":"post","link":"https:\/\/noticiasrec.com\/?p=6465","title":{"rendered":"Trabajadores le exigen a Vidal una soluci\u00f3n urgente por falta de gas en las escuelas"},"content":{"rendered":"\n<p>El gremio ATE provincia de Buenos Aires le solicit\u00f3 al ministerio de Trabajo bonaerense y a la Direcci\u00f3n General de Cultura y Educaci\u00f3n la convocatoria a mesas t\u00e9cnicas para los trabajadores de las leyes 10.579 y 10.430 por condiciones laborales e infraestructura escolar.<\/p>\n\n\n\n<p>Carlos D\u00edaz, secretario adjunto de ATE bonaerense, indic\u00f3 que \u201cla situaci\u00f3n es cr\u00edtica en los organismos de la educaci\u00f3n, tanto administrativos como establecimientos educativos. Trabajadoras y trabajadores tienen que desempe\u00f1ar sus tareas sin calefacci\u00f3n, pero a\u00fan m\u00e1s grave es la realidad en las escuelas bonaerenses como en San Isidro, San Vicente, y Lomas de Zamora donde directamente no tienen suministro de gas\u201d.<\/p>\n\n\n\n<p>En los lugares donde no hay gas -explic\u00f3 D\u00edaz- la provincia \u201cle comunic\u00f3 a las madres y a los padres que queda a criterio suyo enviar a los hijos a la escuela en condiciones precarias. Sin embargo, la responsabilidad es de la gobernadora Mar\u00eda Eugenia Vidal por el vaciamiento en educaci\u00f3n\u201d.<\/p>\n\n\n\n<p>En ese sentido remarc\u00f3 que \u201cVidal es quien debe garantizar que tanto los ni\u00f1os, como las ni\u00f1as y adolescentes que concurren a jardines, primarias y secundarias estudien; y que los docentes, auxiliares y administrativos tengan las condiciones adecuadas para cumplir con su labor\u201d.<\/p>\n\n\n\n<p>Ante este cuadro de situaci\u00f3n, ATE provincia de Buenos Aires exigi\u00f3 una intervenci\u00f3n urgente de Vidal y del ministro de Trabajo provincial, Marcelo Villegas. \u201cAguardamos la convocatoria a paritaria para resolver la dram\u00e1tica situaci\u00f3n que vivimos en la provincia en la cual recibimos un salario miserable de 18 mil pesos, cuando las estad\u00edsticas oficiales indican que para satisfacer las necesidades b\u00e1sicas se precisan 33 mil pesos\u201d, advirti\u00f3 D\u00edaz.<\/p>\n\n\n\n<p>Por \u00faltimo, adelant\u00f3 que \u201cde no mediar una respuesta satisfactoria por parte de la gobernadora, de las autoridades de trabajo y de educaci\u00f3n profundizaremos el plan de acci\u00f3n\u201d.<\/p>\n","protected":false},"excerpt":{"rendered":"<p>El gremio ATE provincia de Buenos Aires le solicit\u00f3 al ministerio de Trabajo bonaerense y..<\/p>\n","protected":false},"author":2,"featured_media":6466,"comment_status":"open","ping_status":"open","sticky":false,"template":"","format":"standard","meta":{"footnotes":""},"categories":[25,2,22],"tags":[293,378,377,379,164,205],"class_list":["post-6465","post","type-post","status-publish","format-standard","has-post-thumbnail","hentry","category-educacion","category-provincia","category-sindicales","tag-ate","tag-escuelas","tag-falta-de-gas","tag-intervencion-urgente","tag-provincia-de-buenos-aires","tag-vidal"],"_links":{"self":[{"href":"https:\/\/noticiasrec.com\/index.php?rest_route=\/wp\/v2\/posts\/6465","targetHints":{"allow":["GET"]}}],"collection":[{"href":"https:\/\/noticiasrec.com\/index.php?rest_route=\/wp\/v2\/posts"}],"about":[{"href":"https:\/\/noticiasrec.com\/index.php?rest_route=\/wp\/v2\/types\/post"}],"author":[{"embeddable":true,"href":"https:\/\/noticiasrec.com\/index.php?rest_route=\/wp\/v2\/users\/2"}],"replies":[{"embeddable":true,"href":"https:\/\/noticiasrec.com\/index.php?rest_route=%2Fwp%2Fv2%2Fcomments&post=6465"}],"version-history":[{"count":1,"href":"https:\/\/noticiasrec.com\/index.php?rest_route=\/wp\/v2\/posts\/6465\/revisions"}],"predecessor-version":[{"id":6467,"href":"https:\/\/noticiasrec.com\/index.php?rest_route=\/wp\/v2\/posts\/6465\/revisions\/6467"}],"wp:featuredmedia":[{"embeddable":true,"href":"https:\/\/noticiasrec.com\/index.php?rest_route=\/wp\/v2\/media\/6466"}],"wp:attachment":[{"href":"https:\/\/noticiasrec.com\/index.php?rest_route=%2Fwp%2Fv2%2Fmedia&parent=6465"}],"wp:term":[{"taxonomy":"category","embeddable":true,"href":"https:\/\/noticiasrec.com\/index.php?rest_route=%2Fwp%2Fv2%2Fcategories&post=6465"},{"taxonomy":"post_tag","embeddable":true,"href":"https:\/\/noticiasrec.com\/index.php?rest_route=%2Fwp%2Fv2%2Ftags&post=6465"}],"curies":[{"name":"wp","href":"https:\/\/api.w.org\/{rel}","templated":true}]}}