{"id":6461,"date":"2019-07-01T19:55:06","date_gmt":"2019-07-01T19:55:06","guid":{"rendered":"http:\/\/noticiasrec.com\/?p=6461"},"modified":"2019-07-01T19:55:06","modified_gmt":"2019-07-01T19:55:06","slug":"jose-c-paz-mega-obra-del-puente-vehicular-en-barrio-sol-y-verde","status":"publish","type":"post","link":"https:\/\/noticiasrec.com\/?p=6461","title":{"rendered":"Jos\u00e9 C. Paz: Mega obra del puente vehicular en Barrio Sol y Verde"},"content":{"rendered":"\n<p>D\u00edas atr\u00e1s se dio inicio a una nueva obra de infraestructura en el municipio, en este caso se trata del puente vehicular ubicado sobre las v\u00edas del ferrocarril FFCC ex San Mart\u00edn de la Estaci\u00f3n Sol y Verde, el cual permitir\u00e1 mejores accesos a los ciudadanos pace\u00f1os, al tr\u00e1nsito vehicular y mejorar\u00e1 la seguridad vial de la zona.<\/p>\n\n\n\n<p>La mencionada obra fue realizada totalmente con fondos municipales, tiene una longitud de 8.100 metros cuadrados de pavimento de hormig\u00f3n armado m\u00e1s el puente destinado a caminos de zona de tr\u00e1nsito pesado, su ancho de v\u00eda normalizada 7.34 m, con dos pasarelas laterales integradas a losa de puente y un metro de ancho. Comienza desde la avenida Fray G. Butler desde la calle Lima, pasa por el canal del Arroyo Zinny y finaliza en Tolstoi del partido de Jos\u00e9 C. Paz.<\/p>\n\n\n\n<p>Dentro de sus caracter\u00edsticas constructivas su fundaci\u00f3n materializada a trav\u00e9s de pilotes y cabezal seg\u00fan calculo, paneles PI de Pretensa, capa de compresi\u00f3n y capa de rodamiento de hormig\u00f3n simple. Tendr\u00e1 dos carriles para veh\u00edculos y permitir\u00e1 conectar los accesos perif\u00e9ricos y alivianar el tr\u00e1nsito, absorber la demanda actual y futura de veh\u00edculos.<\/p>\n\n\n\n<p>La construcci\u00f3n es ejecutada por la Secretar\u00eda de Proyectos, tendr\u00e1 una integraci\u00f3n con los sistemas p\u00fablicos que conectan la ciudad con la zona este y linderos a los nosocomios municipales Cardiovascular y de la Mujer y El Ni\u00f1o.<\/p>\n\n\n\n<p>Esta es una de las tantas obras que forma parte del plan estrat\u00e9gico de infraestructura que el Intendente Mario Ishii impulsa desde su gesti\u00f3n.<\/p>\n","protected":false},"excerpt":{"rendered":"<p>D\u00edas atr\u00e1s se dio inicio a una nueva obra de infraestructura en el municipio, en..<\/p>\n","protected":false},"author":2,"featured_media":6462,"comment_status":"open","ping_status":"open","sticky":false,"template":"","format":"standard","meta":{"footnotes":""},"categories":[10,3],"tags":[373,376,60,375,62,374,372],"class_list":["post-6461","post","type-post","status-publish","format-standard","has-post-thumbnail","hentry","category-jose-c-paz","category-municipios","tag-barrio-sol-y-verde","tag-estacion","tag-jose-c-paz","tag-l-intendente","tag-mario-ishii","tag-mega-obra","tag-puente-vehicular"],"_links":{"self":[{"href":"https:\/\/noticiasrec.com\/index.php?rest_route=\/wp\/v2\/posts\/6461","targetHints":{"allow":["GET"]}}],"collection":[{"href":"https:\/\/noticiasrec.com\/index.php?rest_route=\/wp\/v2\/posts"}],"about":[{"href":"https:\/\/noticiasrec.com\/index.php?rest_route=\/wp\/v2\/types\/post"}],"author":[{"embeddable":true,"href":"https:\/\/noticiasrec.com\/index.php?rest_route=\/wp\/v2\/users\/2"}],"replies":[{"embeddable":true,"href":"https:\/\/noticiasrec.com\/index.php?rest_route=%2Fwp%2Fv2%2Fcomments&post=6461"}],"version-history":[{"count":1,"href":"https:\/\/noticiasrec.com\/index.php?rest_route=\/wp\/v2\/posts\/6461\/revisions"}],"predecessor-version":[{"id":6463,"href":"https:\/\/noticiasrec.com\/index.php?rest_route=\/wp\/v2\/posts\/6461\/revisions\/6463"}],"wp:featuredmedia":[{"embeddable":true,"href":"https:\/\/noticiasrec.com\/index.php?rest_route=\/wp\/v2\/media\/6462"}],"wp:attachment":[{"href":"https:\/\/noticiasrec.com\/index.php?rest_route=%2Fwp%2Fv2%2Fmedia&parent=6461"}],"wp:term":[{"taxonomy":"category","embeddable":true,"href":"https:\/\/noticiasrec.com\/index.php?rest_route=%2Fwp%2Fv2%2Fcategories&post=6461"},{"taxonomy":"post_tag","embeddable":true,"href":"https:\/\/noticiasrec.com\/index.php?rest_route=%2Fwp%2Fv2%2Ftags&post=6461"}],"curies":[{"name":"wp","href":"https:\/\/api.w.org\/{rel}","templated":true}]}}